{"id":53599,"date":"2019-09-12T13:20:33","date_gmt":"2019-09-12T16:20:33","guid":{"rendered":"http:\/\/catolicanet.net\/wp-cnet\/?p=53599"},"modified":"2019-09-12T13:20:33","modified_gmt":"2019-09-12T16:20:33","slug":"sera-necessaria-muita-ajuda-diz-arcebispo-nas-bahamas-apos-furacao-dorian","status":"publish","type":"post","link":"https:\/\/catolicanet.net\/wp-cnet\/sera-necessaria-muita-ajuda-diz-arcebispo-nas-bahamas-apos-furacao-dorian\/","title":{"rendered":"Ser\u00e1 necess\u00e1ria muita ajuda, diz Arcebispo nas Bahamas ap\u00f3s furac\u00e3o Dorian"},"content":{"rendered":"<p>O Arcebispo de Nassau (Bahamas), Dom Patrick C. Pinder, fez uma avalia\u00e7\u00e3o da situa\u00e7\u00e3o do pa\u00eds insular ap\u00f3s a passagem do furac\u00e3o Dorian, que ocorreu no in\u00edcio do m\u00eas e deixou mais de 40 mortos e 70.000 afetados.<\/p>\n<p>Em 8 de setembro, o Prelado celebrou uma Missa para as fam\u00edlias que foram evacuadas para Nassau, capital das Bahamas, depois que o furac\u00e3o passou pelas ilhas de Grand Bahama e \u00c1baco.<\/p>\n<p>\u201cMuitas pessoas das ilhas Grand Bahama e \u00c1baco foram evacuadas para Nassau. De fato, todos os nossos professores das escolas de ensino fundamental e m\u00e9dio est\u00e3o aqui e tive a oportunidade de encontr\u00e1-los em dois grupos hoje\u201d, disse o Arcebispo ao jornal Florida Catholic da Arquidiocese de Miami (Estados Unidos).<\/p>\n<p>Na Catedral de Nassau, onde presidiu a Missa no domingo, o Arcebispo falou \u201csobre as consequ\u00eancias do furac\u00e3o e convidei as pessoas a receberem uma b\u00ean\u00e7\u00e3o e depois a rezarem um pouco confiando a Deus as diversas pessoas que sofreram por causa da tormenta&#8221;.<\/p>\n<p>\u201cO que h\u00e1 agora \u00e9 puro terror e confus\u00e3o naqueles que viram suas casas comprometidas em meio \u00e0 tormenta e que tiveram que se realojar. H\u00e1 muitos desafios e agora devem ser levados a lugares onde j\u00e1 h\u00e1 muita gente\u201d, explicou Dom Pinder.<\/p>\n<p>Sobre a situa\u00e7\u00e3o das estruturas da Igreja nas Bahamas, o Prelado indicou que duas escolas e uma par\u00f3quia foram destru\u00eddas na ilha de \u00c1baco, enquanto em Grand Bahama o centro de retiros e um templo tamb\u00e9m sofreram danos consider\u00e1veis.<\/p>\n<p>O Arcebispo disse que recebeu ofertas de ajuda da Austr\u00e1lia, Canad\u00e1 e It\u00e1lia; e \u201cum dos meus colegas de escola, em Wisconsin, me escreveu uma mensagem muito significativa. Tamb\u00e9m estamos recebendo muita ajuda da Arquidiocese de Miami\u201d, para onde foram muitos habitantes de Bahamas.<\/p>\n<p>&#8220;Agora estamos pensando nos esfor\u00e7os de longo prazo e precisaremos de muita ajuda para lidar com isso, das entidades e ag\u00eancias com mais capacidade e experi\u00eancia&#8221;, ressaltou.<\/p>\n<p>Dorian foi o maior furac\u00e3o que atingiu o noroeste das Bahamas, causando danos catastr\u00f3ficos \u00e0s ilhas \u00c1baco e Grand Bahama entre 1\u00ba e 3 de setembro.<\/p>\n<p>Cerca de 70 mil pessoas ficaram desabrigadas. Embora o n\u00famero de mortes seja estimado em 43, as autoridades indicaram que poderia aumentar.<\/p>\n<p>Ventos de at\u00e9 298 quil\u00f4metros por hora afetaram casas, escolas, supermercados, estradas e aeroportos.<\/p>\n<p>Para ajudar financeiramente as Bahamas, voc\u00ea pode entrar AQUI.<\/p>\n","protected":false},"excerpt":{"rendered":"<p>O Arcebispo de Nassau (Bahamas), Dom Patrick C. Pinder, fez uma avalia\u00e7\u00e3o da situa\u00e7\u00e3o do pa\u00eds insular ap\u00f3s a passagem do furac\u00e3o Dorian, que ocorreu no in\u00edcio do m\u00eas e deixou mais de 40 mortos e 70.000 afetados. Em 8 de setembro, o Prelado celebrou uma Missa para as fam\u00edlias que foram evacuadas para Nassau, [&hellip;]<\/p>\n","protected":false},"author":1,"featured_media":53600,"comment_status":"open","ping_status":"closed","sticky":false,"template":"","format":"standard","meta":{"footnotes":""},"categories":[13],"tags":[],"class_list":["post-53599","post","type-post","status-publish","format-standard","has-post-thumbnail","hentry","category-featured"],"_links":{"self":[{"href":"https:\/\/catolicanet.net\/wp-cnet\/wp-json\/wp\/v2\/posts\/53599","targetHints":{"allow":["GET"]}}],"collection":[{"href":"https:\/\/catolicanet.net\/wp-cnet\/wp-json\/wp\/v2\/posts"}],"about":[{"href":"https:\/\/catolicanet.net\/wp-cnet\/wp-json\/wp\/v2\/types\/post"}],"author":[{"embeddable":true,"href":"https:\/\/catolicanet.net\/wp-cnet\/wp-json\/wp\/v2\/users\/1"}],"replies":[{"embeddable":true,"href":"https:\/\/catolicanet.net\/wp-cnet\/wp-json\/wp\/v2\/comments?post=53599"}],"version-history":[{"count":1,"href":"https:\/\/catolicanet.net\/wp-cnet\/wp-json\/wp\/v2\/posts\/53599\/revisions"}],"predecessor-version":[{"id":53601,"href":"https:\/\/catolicanet.net\/wp-cnet\/wp-json\/wp\/v2\/posts\/53599\/revisions\/53601"}],"wp:featuredmedia":[{"embeddable":true,"href":"https:\/\/catolicanet.net\/wp-cnet\/wp-json\/wp\/v2\/media\/53600"}],"wp:attachment":[{"href":"https:\/\/catolicanet.net\/wp-cnet\/wp-json\/wp\/v2\/media?parent=53599"}],"wp:term":[{"taxonomy":"category","embeddable":true,"href":"https:\/\/catolicanet.net\/wp-cnet\/wp-json\/wp\/v2\/categories?post=53599"},{"taxonomy":"post_tag","embeddable":true,"href":"https:\/\/catolicanet.net\/wp-cnet\/wp-json\/wp\/v2\/tags?post=53599"}],"curies":[{"name":"wp","href":"https:\/\/api.w.org\/{rel}","templated":true}]}}