{"id":5357,"date":"2014-11-25T14:34:08","date_gmt":"2014-11-25T16:34:08","guid":{"rendered":"http:\/\/catolicanet.net\/wp-cnet\/ontruir-uma-europa-em-torno-da-pessoa-humana-nao-da-economia-papa-no-parlamento-europeu\/"},"modified":"2017-04-06T16:55:08","modified_gmt":"2017-04-06T19:55:08","slug":"ontruir-uma-europa-em-torno-da-pessoa-humana-nao-da-economia-papa-no-parlamento-europeu","status":"publish","type":"post","link":"https:\/\/catolicanet.net\/wp-cnet\/ontruir-uma-europa-em-torno-da-pessoa-humana-nao-da-economia-papa-no-parlamento-europeu\/","title":{"rendered":"ontruir uma Europa em torno da pessoa humana, n\u00e3o da economia &#8211; Papa no Parlamento Europeu"},"content":{"rendered":"<p style=\"text-align: justify;\"><img decoding=\"async\" src=\"http:\/\/catolicanet.com.br\/images\/stories\/geral\/papaparlamentares.jpg\" border=\"0\" align=\"left\" \/>Foi uma mensagem de esperan\u00e7a e de encorajamento que o Papa Francisco levou aos Parlamentares Europeus.\u00a0 Pondo em realce<\/p>\n<p>o mundo em muta\u00e7\u00e3o, menos euroc\u00eantrico e uma Uni\u00e3o Europeia cada vez mais alargada, o Papa chamou, no entanto aten\u00e7\u00e3o para o envelhecimento deste continente, onde n\u00e3o obstante o projecto inicial de p\u00f4r a pessoa humana, dotada de dignidade transcendental, no centro de tudo, encontra-se hoje numa situa\u00e7\u00e3o, onde persistem situa\u00e7\u00f5es em que o ser humano \u00e9 tratado como objecto que pode ser descartado quando n\u00e3o \u00e9 \u00fatil.<\/p>\n<p>O Papa sublinhou tamb\u00e9m o paradoxal abuso do conceito de direitos humanos ligado a uma reivindica\u00e7\u00e3o cada vez maior dos direitos individuais a despeito da conex\u00e3o entre direitos e deveres e do contexto social em que as pessoas vivem.<\/p>\n<p>A dignidade transcendente do ser humano leva a ver nele antes de mais um ser relacional. Mas hoje na Europa tende-se a difundir a solid\u00e3o, agravada pela crise econ\u00f3mica e pela falta de confian\u00e7a nas institui\u00e7\u00f5es &#8211; afirmou o Papa \u2013 acrescentando:<\/p>\n<p>\u201cTem-se uma impress\u00e3o geral de cansa\u00e7o e de envelhecimento, de uma Europa av\u00f4 que j\u00e1 n\u00e3o \u00e9 f\u00e9rtil nem vivaz. Os grandes ideais que inspiraram a Europa parecem ter perdido for\u00e7a de atrac\u00e7\u00e3o em favor do tecnicismo burocr\u00e1tico das institui\u00e7\u00f5es\u201d .<\/p>\n<p>Condenando a absolutiza\u00e7\u00e3o das t\u00e9cnicas em rela\u00e7\u00e3o \u00e0 afirma\u00e7\u00e3o da dignidade e da preciosidade da vida humana, o Papa perguntou-se:<\/p>\n<p>\u201cComo voltar ent\u00e3o a dar esperan\u00e7a ao futuro, confian\u00e7a para continuar os grande ideais da uma Europa unida e de paz, criativa e empreendedora, respeitosa dos direitos e dos pr\u00f3prios deveres?\u201d<\/p>\n<p>O Papa Francisco respondeu a esta pergunta recorrendo a exemplos de arte e filosofia europeias que recordam a uni\u00e3o entre C\u00e9u e Terra, sublinhando que uma Europa que n\u00e3o \u00e9 capaz de se abrir \u00e0 dimens\u00e3o transcendental da vida \u00e9 uma Europa que corre o risco de perder, lentamente, o seu \u201cesp\u00edrito human\u00edstico\u201d, a centralidade da pessoa humana\u201d.<\/p>\n<p>O Papa enalteceu depois o patrim\u00f3nio crist\u00e3o que contribuiu e continuar\u00e1 a contribuir agora e no futuro para o crescimento s\u00f3cio-cultural da Europa. E essa contribui\u00e7\u00e3o\u00a0 &#8211; disse &#8211; n\u00e3o constitui um perigo para a laicidade dos Estados e para a independ\u00eancia das institui\u00e7\u00f5es da Uni\u00e3o. \u00c9 sim um enriquecimento centrado no principio do humanismo, do respeito da dignidade da pessoa humana.<\/p>\n<p>A Santa S\u00e9 est\u00e1 disposta a colaborar \u2013 atrav\u00e9s da COMECE, ao di\u00e1logo transparente e prof\u00edcuo com as institui\u00e7\u00f5es europeias &#8211;\u00a0 prosseguiu o Papa recordando as numerosas injusti\u00e7as e as viol\u00eancias barb\u00e1ricas cometidas em rela\u00e7\u00e3o a minorias religiosas, sobretudo crist\u00e3s, no mundo, perante o sil\u00eancio vergonhoso e c\u00famplice de muitos.<\/p>\n<p>Recordando que o mote da Uni\u00e3o Europeia \u00e9 a \u201cunidade na diversidade\u201d o Papa apelou ao respeito das diferen\u00e7as, evitando uniformidade, o nominalismo politico, e liberando a Europa de manipula\u00e7\u00f5es e fobias. Mas n\u00e3o \u00e9 tudo:<\/p>\n<p>O desafio de refor\u00e7ar as democracias europeias implica tamb\u00e9m a defesa das for\u00e7a politicas expressivas dos povos da Europa. Dar esperan\u00e7a \u00e0 Europa significa investir nos \u00e2mbitos em que se formam os talentos das pessoas; criar condi\u00e7\u00f5es favor\u00e1veis para a vida familiar; dar perspectivas \u00e0s novas gera\u00e7\u00f5es; ao desenvolvimento; \u00e0 educa\u00e7\u00e3o a todos os n\u00edveis, uma forma\u00e7\u00e3o que leve a olhar para o futuro com esperan\u00e7a.<\/p>\n<p>O Papa n\u00e3o deixou de referir-se tamb\u00e9m \u00e0 import\u00e2ncia do empenho em rela\u00e7\u00e3o ao ambiente e \u00e0 protec\u00e7\u00e3o do Criado, utilizando-o para o bem comum. Recordando que o ser humano \u00e9 parte fundamental do Criado, o Papa chamou mais uma vez aten\u00e7\u00e3o para o facto de milh\u00f5es de pessoas morrerem de fome no mundo, enquanto que toneladas de comida s\u00e3o deitadas fora.<\/p>\n<p>De entre os elementos indispens\u00e1veis para dar esperan\u00e7a \u00e0 Europa, o Papa indicou tamb\u00e9m a quest\u00e3o do trabalho, voltando a sublinhar com for\u00e7a a urg\u00eancia de dar dignidade ao trabalho, o que significa \u2013 disse \u2013 encontrar novas formas de combinar a flexibilidade do mercado com a garantia do trabalho e a possibilidade de construir fam\u00edlia.<\/p>\n<p>N\u00e3o ficou de lado no intenso discurso do Papa a quest\u00e3o das migra\u00e7\u00f5es. N\u00e3o \u00e9 toler\u00e1vel que o Mar Mediterr\u00e2neo se torne num cemit\u00e9rio\u00a0 &#8211; disse \u2013 solicitando legisla\u00e7\u00f5es adequadas que saibam ao mesmo tempo tutelar os direitos dos cidad\u00e3os europeus e garantir o acolhimento dos migrantes. Mas \u00e9 necess\u00e1rio tamb\u00e9m adoptar pol\u00edticas concretas que ajudem os pa\u00edses de origem dos migrantes no desenvolvimento s\u00f3cio-politico e na supera\u00e7\u00e3o de conflitos internos, em vez de politicas de interesse que aumentam e alimentam tais conflitos.<\/p>\n<p>Por fim o Papa Francisco sublinhou o papel da consci\u00eancia da pr\u00f3pria identidade num di\u00e1logo propositivo com os Estados que pediram para fazer parte da Uni\u00e3o Europeia, nomeadamente os pa\u00edses balc\u00e2nicos; nas rela\u00e7\u00f5es com os pa\u00edses vizinhos, de modo particular os que se debru\u00e7am sobre o Mediterr\u00e2neo.<\/p>\n<p>E foi pela hist\u00f3ria de dois mil\u00e9nios que liga a Europa ao cristianismo que o Papa concluiu o seu discurso, recordando que essa hist\u00f3ria resta em grande parte por escrever a fim de se construir uma Europa que gira n\u00e3o em torno da economia, mas sim da sacralidade da pessoa humana e dos seus valores inalien\u00e1veis.<\/p>\n<p>Chegou o momento de abandonar a ideia de uma Europa amedrontada e debru\u00e7ada sobre si mesma para suscitar uma Europa protagonista, portadora de ci\u00eancia, de arte, de m\u00fasica, de valores humanos e tamb\u00e9m de f\u00e9; uma Europa que olha, defende e tutela a pessoa humana.<\/p>\n<p style=\"text-align: justify;\">\u00a0<\/p>\n<p style=\"text-align: justify;\">Fonte: R\u00e1dio Vaticano<\/p>\n","protected":false},"excerpt":{"rendered":"<p>Foi uma mensagem de esperan\u00e7a e de encorajamento que o Papa Francisco levou aos Parlamentares Europeus.\u00a0 Pondo em realce o mundo em muta\u00e7\u00e3o, menos euroc\u00eantrico e uma Uni\u00e3o Europeia cada vez mais alargada, o Papa chamou, no entanto aten\u00e7\u00e3o para o envelhecimento deste continente, onde n\u00e3o obstante o projecto inicial de p\u00f4r a pessoa humana, [&hellip;]<\/p>\n","protected":false},"author":1,"featured_media":0,"comment_status":"closed","ping_status":"closed","sticky":false,"template":"","format":"standard","meta":{"footnotes":""},"categories":[3],"tags":[],"class_list":["post-5357","post","type-post","status-publish","format-standard","hentry","category-vaticano"],"_links":{"self":[{"href":"https:\/\/catolicanet.net\/wp-cnet\/wp-json\/wp\/v2\/posts\/5357","targetHints":{"allow":["GET"]}}],"collection":[{"href":"https:\/\/catolicanet.net\/wp-cnet\/wp-json\/wp\/v2\/posts"}],"about":[{"href":"https:\/\/catolicanet.net\/wp-cnet\/wp-json\/wp\/v2\/types\/post"}],"author":[{"embeddable":true,"href":"https:\/\/catolicanet.net\/wp-cnet\/wp-json\/wp\/v2\/users\/1"}],"replies":[{"embeddable":true,"href":"https:\/\/catolicanet.net\/wp-cnet\/wp-json\/wp\/v2\/comments?post=5357"}],"version-history":[{"count":1,"href":"https:\/\/catolicanet.net\/wp-cnet\/wp-json\/wp\/v2\/posts\/5357\/revisions"}],"predecessor-version":[{"id":10224,"href":"https:\/\/catolicanet.net\/wp-cnet\/wp-json\/wp\/v2\/posts\/5357\/revisions\/10224"}],"wp:attachment":[{"href":"https:\/\/catolicanet.net\/wp-cnet\/wp-json\/wp\/v2\/media?parent=5357"}],"wp:term":[{"taxonomy":"category","embeddable":true,"href":"https:\/\/catolicanet.net\/wp-cnet\/wp-json\/wp\/v2\/categories?post=5357"},{"taxonomy":"post_tag","embeddable":true,"href":"https:\/\/catolicanet.net\/wp-cnet\/wp-json\/wp\/v2\/tags?post=5357"}],"curies":[{"name":"wp","href":"https:\/\/api.w.org\/{rel}","templated":true}]}}