{"id":5355,"date":"2014-11-24T17:31:26","date_gmt":"2014-11-24T19:31:26","guid":{"rendered":"http:\/\/catolicanet.net\/wp-cnet\/audiencia-do-papa-francisco-ao-presidente-do-egipto\/"},"modified":"2017-04-06T16:53:36","modified_gmt":"2017-04-06T19:53:36","slug":"audiencia-do-papa-francisco-ao-presidente-do-egipto","status":"publish","type":"post","link":"https:\/\/catolicanet.net\/wp-cnet\/audiencia-do-papa-francisco-ao-presidente-do-egipto\/","title":{"rendered":"Audi\u00eancia do Papa Francisco ao Presidente do Egipto"},"content":{"rendered":"<p style=\"text-align: justify;\"><img decoding=\"async\" src=\"http:\/\/catolicanet.com.br\/images\/stories\/geral\/papaaudienciaegipto.jpg\" border=\"0\" align=\"left\" \/>O Papa Francisco recebeu esta manh\u00e3, em audi\u00eancias sucessivas no Vaticano os fi\u00e9is do rito malabarese vindos a Roma para assistir a cerim\u00f3nia de canoniza\u00e7\u00e3o realizada ontem na Pra\u00e7a de S. Pedro; os chefes dos dicast\u00e9rios da C\u00faria Romana e esta tarde \u00e0s 14,30, horas de Roma, o Senhor Abdel Fattah Al Sisi, presidente da Rep\u00fablica \u00c1raba do Egipto com o s\u00e9quito. O Presidente Al Sisi foi recebido em audi\u00eancia posteriormente pelo Cardeal Pietro Parolin Secret\u00e1rio do Estado do Vaticano. No decurso dos col\u00f3quios foram analisados diversos aspectos sobretudo a atual situa\u00e7\u00e3o do Egipto sublinhando os la\u00e7os de proximidade e de solidareidade manifestados pela Igreja ao povo eg\u00edpcio durante o per\u00edodo da transi\u00e7\u00e3o pol\u00edtica do pa\u00eds. Ao mesmo tempo foi expressa a vontade, no quadro das garantias emanadas pela nova Constitui\u00e7\u00e3o no \u00e2mbito da tutela dos direitos humanos e da liberdade religiosa, poder refor\u00e7ar a coexist\u00eancia pac\u00edfica entre todas as componentes da sociedade e prosseguir no caminho do di\u00e1logo inter-religioso. Sucessivamente foram passadas em resenha alguns temas de interesse comum de modo particular o papel do Egipto na promo\u00e7\u00e3o da paz e da estabilidade no M\u00e9dio Oriente e na \u00c1fica do Norte. Neste sentido foi reafirmado que o di\u00e1logo e a negocia\u00e7\u00e3o\u00a0 permanecem a \u00fanica op\u00e7\u00e3o para por termo aos conflitos e \u00e0s viol\u00eancias que colocam em perigo as popula\u00e7\u00f5es inermes e causam a perda de vidas humanas.<\/p>\n<p>Fonte: R\u00e1dio Vaticano<\/p>\n","protected":false},"excerpt":{"rendered":"<p>O Papa Francisco recebeu esta manh\u00e3, em audi\u00eancias sucessivas no Vaticano os fi\u00e9is do rito malabarese vindos a Roma para assistir a cerim\u00f3nia de canoniza\u00e7\u00e3o realizada ontem na Pra\u00e7a de S. Pedro; os chefes dos dicast\u00e9rios da C\u00faria Romana e esta tarde \u00e0s 14,30, horas de Roma, o Senhor Abdel Fattah Al Sisi, presidente da [&hellip;]<\/p>\n","protected":false},"author":1,"featured_media":0,"comment_status":"closed","ping_status":"closed","sticky":false,"template":"","format":"standard","meta":{"footnotes":""},"categories":[3],"tags":[],"class_list":["post-5355","post","type-post","status-publish","format-standard","hentry","category-vaticano"],"_links":{"self":[{"href":"https:\/\/catolicanet.net\/wp-cnet\/wp-json\/wp\/v2\/posts\/5355","targetHints":{"allow":["GET"]}}],"collection":[{"href":"https:\/\/catolicanet.net\/wp-cnet\/wp-json\/wp\/v2\/posts"}],"about":[{"href":"https:\/\/catolicanet.net\/wp-cnet\/wp-json\/wp\/v2\/types\/post"}],"author":[{"embeddable":true,"href":"https:\/\/catolicanet.net\/wp-cnet\/wp-json\/wp\/v2\/users\/1"}],"replies":[{"embeddable":true,"href":"https:\/\/catolicanet.net\/wp-cnet\/wp-json\/wp\/v2\/comments?post=5355"}],"version-history":[{"count":1,"href":"https:\/\/catolicanet.net\/wp-cnet\/wp-json\/wp\/v2\/posts\/5355\/revisions"}],"predecessor-version":[{"id":10221,"href":"https:\/\/catolicanet.net\/wp-cnet\/wp-json\/wp\/v2\/posts\/5355\/revisions\/10221"}],"wp:attachment":[{"href":"https:\/\/catolicanet.net\/wp-cnet\/wp-json\/wp\/v2\/media?parent=5355"}],"wp:term":[{"taxonomy":"category","embeddable":true,"href":"https:\/\/catolicanet.net\/wp-cnet\/wp-json\/wp\/v2\/categories?post=5355"},{"taxonomy":"post_tag","embeddable":true,"href":"https:\/\/catolicanet.net\/wp-cnet\/wp-json\/wp\/v2\/tags?post=5355"}],"curies":[{"name":"wp","href":"https:\/\/api.w.org\/{rel}","templated":true}]}}