{"id":5352,"date":"2023-11-24T00:00:41","date_gmt":"2023-11-24T03:00:41","guid":{"rendered":"http:\/\/catolicanet.net\/wp-cnet\/santo-andre-dung-lac-e-companheiros-martires\/"},"modified":"2023-01-02T17:35:46","modified_gmt":"2023-01-02T20:35:46","slug":"santo-andre-dung-lac-e-companheiros-martires","status":"publish","type":"post","link":"https:\/\/catolicanet.net\/wp-cnet\/santo-andre-dung-lac-e-companheiros-martires\/","title":{"rendered":"Santo Andr\u00e9 Dung-Lac e companheiros m\u00e1rtires"},"content":{"rendered":"<p style=\"text-align: justify;\">Santo Andr\u00e9 Dung-Lac Neste dia comemoramos a santidade dos 117 m\u00e1rtires vietnamitas que testemunharam seu amor a Cristo, tanto na vida como na morte. O Papa Jo\u00e3o Paulo II, em 1988, canonizou na verdade alguns, dos muitos ousados na f\u00e9, que se encontram entre o per\u00edodo de 1830 at\u00e9 1870.<\/p>\n<p>O Vietn\u00e3 conheceu a Boa-nova de Jesus Cristo no s\u00e9culo XVI, e o acolheu em sua integridade: \u201cEnt\u00e3o, entregar-vos-\u00e3o \u00e0 afli\u00e7\u00e3o, matar-vos-\u00e3o, sereis odiados por todos os pag\u00e3os por causa do meu nome\u2026mas quem perseverar at\u00e9 o fim, este ser\u00e1 salvo\u201d. (Mt 24,9-13)<\/p>\n<p>Santo Andr\u00e9 Dung-Lac, era de fam\u00edlia pobre, reconheceu a riqueza do Dom Sacerdotal e foi ordenado Padre em 1823; em meio \u00e0s persegui\u00e7\u00f5es desejava ardentemente testemunhar Jesus Cristo com o mart\u00edrio, pois dizia que \u201caqueles que morrem pela f\u00e9 sobem ao c\u00e9u\u201d.<\/p>\n<p>Na \u00c1sia, iniciou-se grande persegui\u00e7\u00e3o aos crist\u00e3os. De 1625 a 1886, os governantes tudo fizeram para despertar o \u00f3dio e a vingan\u00e7a contra a religi\u00e3o crist\u00e3 e \u00e0queles que anunciavam o Evangelho ou tornavam-se crist\u00e3os. Mas, quanto mais os perseguiam, mais aumentava o fervor dos crist\u00e3os. Esse per\u00edodo culminou com a morte de 117 santos: Sacerdotes, Bispos, pais de fam\u00edlias, jovens, crian\u00e7as, catequistas, seminaristas, militares. Todos estes mostrando a universalidade do chamado \u00e0 Santidade com o pr\u00f3prio sangue.<\/p>\n<p>Santo Andr\u00e9 Dung-Lac e companheiros m\u00e1rtires, rogai por n\u00f3s!<\/p>\n","protected":false},"excerpt":{"rendered":"<p>Santo Andr\u00e9 Dung-Lac Neste dia comemoramos a santidade dos 117 m\u00e1rtires vietnamitas que testemunharam seu amor a Cristo, tanto na vida como na morte. O Papa Jo\u00e3o Paulo II, em 1988, canonizou na verdade alguns, dos muitos ousados na f\u00e9, que se encontram entre o per\u00edodo de 1830 at\u00e9 1870. O Vietn\u00e3 conheceu a Boa-nova [&hellip;]<\/p>\n","protected":false},"author":1,"featured_media":22984,"comment_status":"closed","ping_status":"closed","sticky":false,"template":"","format":"standard","meta":{"footnotes":""},"categories":[32],"tags":[],"class_list":["post-5352","post","type-post","status-publish","format-standard","has-post-thumbnail","hentry","category-santo-do-dia"],"_links":{"self":[{"href":"https:\/\/catolicanet.net\/wp-cnet\/wp-json\/wp\/v2\/posts\/5352","targetHints":{"allow":["GET"]}}],"collection":[{"href":"https:\/\/catolicanet.net\/wp-cnet\/wp-json\/wp\/v2\/posts"}],"about":[{"href":"https:\/\/catolicanet.net\/wp-cnet\/wp-json\/wp\/v2\/types\/post"}],"author":[{"embeddable":true,"href":"https:\/\/catolicanet.net\/wp-cnet\/wp-json\/wp\/v2\/users\/1"}],"replies":[{"embeddable":true,"href":"https:\/\/catolicanet.net\/wp-cnet\/wp-json\/wp\/v2\/comments?post=5352"}],"version-history":[{"count":3,"href":"https:\/\/catolicanet.net\/wp-cnet\/wp-json\/wp\/v2\/posts\/5352\/revisions"}],"predecessor-version":[{"id":22986,"href":"https:\/\/catolicanet.net\/wp-cnet\/wp-json\/wp\/v2\/posts\/5352\/revisions\/22986"}],"wp:featuredmedia":[{"embeddable":true,"href":"https:\/\/catolicanet.net\/wp-cnet\/wp-json\/wp\/v2\/media\/22984"}],"wp:attachment":[{"href":"https:\/\/catolicanet.net\/wp-cnet\/wp-json\/wp\/v2\/media?parent=5352"}],"wp:term":[{"taxonomy":"category","embeddable":true,"href":"https:\/\/catolicanet.net\/wp-cnet\/wp-json\/wp\/v2\/categories?post=5352"},{"taxonomy":"post_tag","embeddable":true,"href":"https:\/\/catolicanet.net\/wp-cnet\/wp-json\/wp\/v2\/tags?post=5352"}],"curies":[{"name":"wp","href":"https:\/\/api.w.org\/{rel}","templated":true}]}}