{"id":5348,"date":"2014-11-24T11:23:27","date_gmt":"2014-11-24T13:23:27","guid":{"rendered":"http:\/\/catolicanet.net\/wp-cnet\/o-advento-e-a-vigilancia\/"},"modified":"2017-04-06T16:51:27","modified_gmt":"2017-04-06T19:51:27","slug":"o-advento-e-a-vigilancia","status":"publish","type":"post","link":"https:\/\/catolicanet.net\/wp-cnet\/o-advento-e-a-vigilancia\/","title":{"rendered":"O Advento e a Vigil\u00e2ncia"},"content":{"rendered":"<p style=\"text-align: justify;\">O tempo lit\u00fargico do Advento \u00e9 uma espera da chegada do Filho do homem. Assim a prepara\u00e7\u00e3o para o Natal se d\u00e1 sobe o signo da expectativa de um novo encontro especial com o Divino Redentor. Aquele que nasceu em Bel\u00e9m, um dia voltar\u00e1 para o julgamento final da humanidade. Ele, por\u00e9m, advertiu: \u201cAcerca daquele dia e daquela hora, ningu\u00e9m sabe nada, nem os anjos do c\u00e9u, nem o Filho, exceto o Pai\u201d, Por isto Ele acrescentou: \u201cEstai alerta! Vigiai e orai, porque n\u00e3o sabeis quando ser\u00e1 o tempo\u201d (Mc 13, 32- 33). O regresso do Filho do Homem ser\u00e1 surpreendente. Assim sendo, para esperar o acontecimento final, \u00e9 preciso estar em estado de vigil\u00e2ncia, vivendo profundamente a f\u00e9 na Encarna\u00e7\u00e3o e no Nascimento do Verbo Eterno de Deus que entrou na Hist\u00f3ria humana. Atrav\u00e9s de Liturgia todos os acontecimentos relativos ao divino Redentor n\u00e3o s\u00e3o uma mera recorda\u00e7\u00e3o de fatos passados, mas a revivesc\u00eancia de todas as gra\u00e7as relativas ao mist\u00e9rio celebrado. Deste modo como Mestra Espiritual a Igreja, atrav\u00e9s dos ciclos lit\u00fargicos, ajuda os fi\u00e9is a crescer na santidade. Trata-se do crescimento espiritual de cada batizado ao qual v\u00e3o sendo recordadas as grandes verdades que Deus revelou. A cada ano\u00a0 o Esp\u00edrito Santo faz com que os fi\u00e9is descubram novos aspectos dos eventos salv\u00edficos. A Liturgia abre assim uma fonte de sabedora para que todos cres\u00e7am em gra\u00e7a e perfei\u00e7\u00e3o. H\u00e1 sempre algo a modificar na maneira de pensar e viver.\u00a0 O Advento se concentra na vida de Cristo, primeiro l\u00e1 em Bel\u00e9m, depois, como lembra o texto do Evangelho na sua vinda no final da Hist\u00f3ria.\u00a0\u00a0 Num mundo atormentado pelas r\u00e1pidas evolu\u00e7\u00f5es sociais e tecnol\u00f3gicas, mais do que nunca \u00e9 preciso a vigil\u00e2ncia. Do contr\u00e1rio o m\u00eas de dezembro marcar\u00e1 apenas o final de mais um ano e a pr\u00f3pria festividade natalina ficar\u00e1 esvaziada de seu significado profundo. Cumpre estar atentos diante da acelera\u00e7\u00e3o dos fatos.\u00a0 Isto \u00e9 tanto mais necess\u00e1rio quando se percebe que se vive numa sociedade de consumo que exige previs\u00e3o em todos os lances da vida di\u00e1ria. Prever \u00e9 a atitude do ser humano ante a sequ\u00eancia irrevers\u00edvel dos fatos que fazem at\u00e9 que se perca a no\u00e7\u00e3o exata do tempo. A\u00ed entra a vigil\u00e2ncia que deve levar o crist\u00e3o a parar, a refletir e a atinar com o verdadeiro sentido de sua exist\u00eancia, indo al\u00e9m da previs\u00e3o meramente humana. \u00c9 o sair do tempo dos homens, para entrar no tempo de Deus. Trata-se da confian\u00e7a absoluta na gratuidade dos dons divinos pelos quais se podem sacralizar as a\u00e7\u00f5es temporais. Isto guiar\u00e1 a uma prepara\u00e7\u00e3o pr\u00f3xima para o Natal e para uma prepara\u00e7\u00e3o constante para a chegada imprevis\u00edvel da volta do Filho do Homem. Isto torna o crist\u00e3o consciente de sua responsabilidade pessoal, atento \u00e0 hora do reencontro com Cristo no Natal e no final da Hist\u00f3ria. Esta vigil\u00e2ncia para os encontros com Cristo desperta o desejo, a aud\u00e1cia na confian\u00e7a, abandono na prece fervorosa e na disponibilidade para a prepara\u00e7\u00e3o para o Natal e para o derradeiro encontro com o Senhor. A esperan\u00e7a do crist\u00e3o deve ser din\u00e2mica. Ela incita a se afastar do que \u00e9 secund\u00e1rio para melhor acolher o Reino de Deus. Alerta S\u00e3o Paulo: \u201c\u00c9 este o momento de sair de nosso sono\u201d. Se \u00e9 verdade que a vigil\u00e2ncia n\u00e3o nos ajuda em nada a prever o dia e a hora\u00a0 em que o Senhor voltar\u00e1, ela guia o crist\u00e3o para estar sempre preparado. Deste modo ela n\u00e3o \u00e9 in\u00fatil, mas essencial na vida crist\u00e3. Assim, a pedagogia do Advento convida a marchar na luz do Senhor que encontraremos no Natal e, um dia, na volta de Cristo ao mundo na parusia, ou seja, no retorno glorioso de Jesus. \u00c9 que a vigil\u00e2ncia espera tudo e se fundamenta na f\u00e9 nas promessas de Deus. \u00c9 fruto da confian\u00e7a num Ser Todo-Poderoso, maior que todos os projetos humanos. A imprevisibilidade do dia do retorno de Cristo \u00b4uma prova para a liberdade humana, mas projeta o amor imenso\u00a0 daquele que se fez homem para nos salvar. A fidelidade a este Deus \u00e9 capaz de libertar cada um de todos os entraves para um final feliz de sua trajet\u00f3ria terrena. Esta vigil\u00e2ncia prepara ent\u00e3o para a celebra\u00e7\u00e3o do mist\u00e9rio natalino, levando a discernir o nascimento de um Deus nas situa\u00e7\u00f5es de pobreza humana, de fragilidade social, de vulnerabilidade. Ele veio para ensinar como bem se preparar para sua volta gloriosa.\u00a0 Nosso futuro \u00e9 aquele que o Senhor aponta no seu Natal: Ele vem sempre ao encontro de suas criaturas e estas, se est\u00e3o vigilantes, se mostram aptas para se envolver nos efl\u00favios de suas gra\u00e7as, de suas ilumina\u00e7\u00f5es que impedem que o transit\u00f3rio desta vida n\u00e3o obstaculize a gl\u00f3ria eterna que est\u00e1 reservada para os que aceitarem o seu Reino de Amor.\u00a0 Jesus, por\u00e9m, foi claro: \u201cVigiai e orai\u201d. \u00c9 preciso aguardar o futuro sem fugir do instante presente. Este \u00e9 o momento no qual cada um se prepara para o encontro definitivo com Ele.\u00a0 \u00c9 necess\u00e1rio ent\u00e3o quebrar o muro da autossufici\u00eancia que n\u00e3o permite ver os impasses que impedem o final feliz no retorno de Jesus,<\/p>\n<p style=\"text-align: justify;\"><strong>* Professor no Semin\u00e1rio de Mariana durante 40 anos. <\/strong><\/p>\n","protected":false},"excerpt":{"rendered":"<p>O tempo lit\u00fargico do Advento \u00e9 uma espera da chegada do Filho do homem. Assim a prepara\u00e7\u00e3o para o Natal se d\u00e1 sobe o signo da expectativa de um novo encontro especial com o Divino Redentor. Aquele que nasceu em Bel\u00e9m, um dia voltar\u00e1 para o julgamento final da humanidade. Ele, por\u00e9m, advertiu: \u201cAcerca daquele [&hellip;]<\/p>\n","protected":false},"author":7,"featured_media":0,"comment_status":"closed","ping_status":"closed","sticky":false,"template":"","format":"standard","meta":{"footnotes":""},"categories":[9],"tags":[],"class_list":["post-5348","post","type-post","status-publish","format-standard","hentry","category-artigos"],"_links":{"self":[{"href":"https:\/\/catolicanet.net\/wp-cnet\/wp-json\/wp\/v2\/posts\/5348","targetHints":{"allow":["GET"]}}],"collection":[{"href":"https:\/\/catolicanet.net\/wp-cnet\/wp-json\/wp\/v2\/posts"}],"about":[{"href":"https:\/\/catolicanet.net\/wp-cnet\/wp-json\/wp\/v2\/types\/post"}],"author":[{"embeddable":true,"href":"https:\/\/catolicanet.net\/wp-cnet\/wp-json\/wp\/v2\/users\/7"}],"replies":[{"embeddable":true,"href":"https:\/\/catolicanet.net\/wp-cnet\/wp-json\/wp\/v2\/comments?post=5348"}],"version-history":[{"count":1,"href":"https:\/\/catolicanet.net\/wp-cnet\/wp-json\/wp\/v2\/posts\/5348\/revisions"}],"predecessor-version":[{"id":10214,"href":"https:\/\/catolicanet.net\/wp-cnet\/wp-json\/wp\/v2\/posts\/5348\/revisions\/10214"}],"wp:attachment":[{"href":"https:\/\/catolicanet.net\/wp-cnet\/wp-json\/wp\/v2\/media?parent=5348"}],"wp:term":[{"taxonomy":"category","embeddable":true,"href":"https:\/\/catolicanet.net\/wp-cnet\/wp-json\/wp\/v2\/categories?post=5348"},{"taxonomy":"post_tag","embeddable":true,"href":"https:\/\/catolicanet.net\/wp-cnet\/wp-json\/wp\/v2\/tags?post=5348"}],"curies":[{"name":"wp","href":"https:\/\/api.w.org\/{rel}","templated":true}]}}