{"id":53472,"date":"2019-09-10T11:30:40","date_gmt":"2019-09-10T14:30:40","guid":{"rendered":"http:\/\/catolicanet.net\/wp-cnet\/?p=53472"},"modified":"2019-09-10T11:30:40","modified_gmt":"2019-09-10T14:30:40","slug":"viagem-do-papa-a-africa-alegria-esperanca-e-responsabilidade","status":"publish","type":"post","link":"https:\/\/catolicanet.net\/wp-cnet\/viagem-do-papa-a-africa-alegria-esperanca-e-responsabilidade\/","title":{"rendered":"Viagem do Papa \u00e0 \u00c1frica: alegria, esperan\u00e7a e responsabilidade"},"content":{"rendered":"<div class=\"article__subTitle\">Imagens e palavras que marcaram a visita do Papa a Mo\u00e7ambique, Madagascar e Maur\u00edcio.<\/div>\n<div class=\"title__separator\"><\/div>\n<div class=\"article__text\">\n<p><b>De Andrea Tornielli<\/b><\/p>\n<p>A viagem do Papa a Mo\u00e7ambique, Madagascar e Maur\u00edcio j\u00e1 foi conclu\u00edda e destes dias intensos e extraordin\u00e1rios permanecem antes de tudo impressos na mem\u00f3ria os rostos cheios de alegria das crian\u00e7as, das mulheres e dos homens que acompanharam Francisco ao longo das estradas, \u00e0s vezes enlameadas ou poeirentas, de Maputo e Antananarivo, e que animaram &#8211; no verdadeiro sentido da palavra &#8211; as maravilhosas liturgias celebradas nos tr\u00eas pa\u00edses.<\/p>\n<div>\n<div class=\"article__embed article__embed--unwrap article__embed--dark\">\n<div class=\"article__innerTitle\">Ou\u00e7a e compartilhe!<\/div>\n<!--[if lt IE 9]><script>document.createElement('audio');<\/script><![endif]-->\n<audio class=\"wp-audio-shortcode\" id=\"audio-53472-1\" preload=\"none\" style=\"width: 100%;\" controls=\"controls\"><source type=\"audio\/mpeg\" src=\"https:\/\/media.vaticannews.va\/media\/audio\/s1\/2019\/09\/10\/11\/135213842_F135213842.mp3?_=1\" \/><a href=\"https:\/\/media.vaticannews.va\/media\/audio\/s1\/2019\/09\/10\/11\/135213842_F135213842.mp3\">https:\/\/media.vaticannews.va\/media\/audio\/s1\/2019\/09\/10\/11\/135213842_F135213842.mp3<\/a><\/audio>\n<\/div>\n<\/div>\n<p>A alegria que souberam expressar, n\u00e3o obstante as dificuldades e as condi\u00e7\u00f5es prec\u00e1rias em que muitos deles s\u00e3o for\u00e7ados a viver, tem algo a ensinar a todos n\u00f3s. Nos ensina que, ao calcular o bem-estar de um povo, os par\u00e2metros vinculados apenas aos dados econ\u00f4micos n\u00e3o s\u00e3o suficientes: a f\u00e9 vivida, a amizade, a capacidade de se relacionar, os la\u00e7os familiares, a solidariedade, a capacidade de usufruir das pequenas coisas, a disponibilidade de se doar, n\u00e3o poder\u00e3o nunca entrar nas estat\u00edsticas.<\/p>\n<p>O momento mais emocionante de toda a viagem foi, sem d\u00favida, o encontro com as oito mil crian\u00e7as de Akamasoa, no local onde antes havia um grande aterro sanit\u00e1rio e onde agora existem pequenas mas dignas casas de tijolos, escolas, locais de recrea\u00e7\u00e3o.<\/p>\n<p>A obra iniciad h\u00e1 trinta anos pelo padre Pedro Opeka \u00e9 um dos tantos tesouros escondidos da Igreja Cat\u00f3lica no mundo. Uma obra que encarna a esperan\u00e7a crist\u00e3. Gra\u00e7as \u00e0 dedica\u00e7\u00e3o deste mission\u00e1rio, milhares de fam\u00edlias encontraram trabalho e dignidade, e milhares de crian\u00e7as encontraram um teto para suas cabe\u00e7as, comida e a possibilidade de frequentar a escola.<\/p>\n<p>A recep\u00e7\u00e3o barulhenta e festiva que os pequenos de Akamasoa dedicaram ao Papa \u00e9 combust\u00edvel para a alma. Quantos padres Pedro existem na \u00c1frica, na \u00c1sia, na Am\u00e9rica Latina, mas tamb\u00e9m nas periferias mais problem\u00e1ticas do Ocidente.<\/p>\n<p>Contemplando o rosto daquelas crian\u00e7as, felizes por terem hospedado em sua casa aquele av\u00f4 vestido de branco vindo de Roma, nos deparamos com a ess\u00eancia mais profunda da Igreja e de sua miss\u00e3o: evangelizar e promover o homem.<\/p>\n<p>Evangelizar, escolhendo a proximidade aos mais fracos e descartados. Evangelizar testemunhando &#8220;a presen\u00e7a de um Deus que decidiu viver e sempre permanecer no meio de seu povo&#8221;, como disse Francisco em Akamasoa.<\/p>\n<p>V\u00e1rias vezes, nestes dias, o Papa exortou sacerdotes, religiosos e religiosas a reavivarem o fogo do aut\u00eantico esp\u00edrito mission\u00e1rio que n\u00e3o pode prescindir da proximidade daqueles que sofrem.<\/p>\n<p>Francisco tamb\u00e9m convidou a n\u00e3o considerar a condi\u00e7\u00e3o dos pobres como uma fatalidade: &#8220;Nunca se rendam diante dos efeitos nocivos da pobreza, nunca cedam \u00e0s tenta\u00e7\u00f5es de uma vida f\u00e1cil ou do inclinar-se sobre si mesmos&#8221;.<\/p>\n<p>Neste sentido, a outra linha que ligou os eventos da viagem foi um chamado \u00e0 responsabilidade dos governos, das autoridades pol\u00edticas e da sociedade civil, para que novos caminhos possam ser percorridos na via do desenvolvimento. Caminhos inovadores capazes de questionar o atual modelo econ\u00f4mico-financeiro, tornando os povos protagonistas da constru\u00e7\u00e3o de um futuro mais justo, mais solid\u00e1rio, mais respeitador da dignidade da vida, das culturas e das tradi\u00e7\u00f5es, mais respeitador da cria\u00e7\u00e3o que nos foi dada para que a transmit\u00edssemos aos nossos filhos sem depred\u00e1-la. Mensagens pronunciadas na \u00c1frica e para a \u00c1frica, mas tamb\u00e9m para todos n\u00f3s.<\/p>\n<\/div>\n","protected":false},"excerpt":{"rendered":"<p>Imagens e palavras que marcaram a visita do Papa a Mo\u00e7ambique, Madagascar e Maur\u00edcio. De Andrea Tornielli A viagem do Papa a Mo\u00e7ambique, Madagascar e Maur\u00edcio j\u00e1 foi conclu\u00edda e destes dias intensos e extraordin\u00e1rios permanecem antes de tudo impressos na mem\u00f3ria os rostos cheios de alegria das crian\u00e7as, das mulheres e dos homens que [&hellip;]<\/p>\n","protected":false},"author":1,"featured_media":53473,"comment_status":"open","ping_status":"closed","sticky":false,"template":"","format":"standard","meta":{"footnotes":""},"categories":[3],"tags":[],"class_list":["post-53472","post","type-post","status-publish","format-standard","has-post-thumbnail","hentry","category-vaticano"],"_links":{"self":[{"href":"https:\/\/catolicanet.net\/wp-cnet\/wp-json\/wp\/v2\/posts\/53472","targetHints":{"allow":["GET"]}}],"collection":[{"href":"https:\/\/catolicanet.net\/wp-cnet\/wp-json\/wp\/v2\/posts"}],"about":[{"href":"https:\/\/catolicanet.net\/wp-cnet\/wp-json\/wp\/v2\/types\/post"}],"author":[{"embeddable":true,"href":"https:\/\/catolicanet.net\/wp-cnet\/wp-json\/wp\/v2\/users\/1"}],"replies":[{"embeddable":true,"href":"https:\/\/catolicanet.net\/wp-cnet\/wp-json\/wp\/v2\/comments?post=53472"}],"version-history":[{"count":1,"href":"https:\/\/catolicanet.net\/wp-cnet\/wp-json\/wp\/v2\/posts\/53472\/revisions"}],"predecessor-version":[{"id":53474,"href":"https:\/\/catolicanet.net\/wp-cnet\/wp-json\/wp\/v2\/posts\/53472\/revisions\/53474"}],"wp:featuredmedia":[{"embeddable":true,"href":"https:\/\/catolicanet.net\/wp-cnet\/wp-json\/wp\/v2\/media\/53473"}],"wp:attachment":[{"href":"https:\/\/catolicanet.net\/wp-cnet\/wp-json\/wp\/v2\/media?parent=53472"}],"wp:term":[{"taxonomy":"category","embeddable":true,"href":"https:\/\/catolicanet.net\/wp-cnet\/wp-json\/wp\/v2\/categories?post=53472"},{"taxonomy":"post_tag","embeddable":true,"href":"https:\/\/catolicanet.net\/wp-cnet\/wp-json\/wp\/v2\/tags?post=53472"}],"curies":[{"name":"wp","href":"https:\/\/api.w.org\/{rel}","templated":true}]}}