{"id":53418,"date":"2019-09-09T10:03:28","date_gmt":"2019-09-09T13:03:28","guid":{"rendered":"http:\/\/catolicanet.net\/wp-cnet\/?p=53418"},"modified":"2019-09-09T10:03:28","modified_gmt":"2019-09-09T13:03:28","slug":"bispos-de-peru-chile-e-bolivia-expressam-preocupacao-por-migrantes-venezuelanos","status":"publish","type":"post","link":"https:\/\/catolicanet.net\/wp-cnet\/bispos-de-peru-chile-e-bolivia-expressam-preocupacao-por-migrantes-venezuelanos\/","title":{"rendered":"Bispos de Peru, Chile e Bol\u00edvia expressam preocupa\u00e7\u00e3o por migrantes venezuelanos"},"content":{"rendered":"<p>Os bispos dos conselhos permanentes das confer\u00eancias episcopais de Peru, Chile e Bol\u00edvia reunidos em Lima, nos dias 3 e 4 de setembro, expressaram sua preocupa\u00e7\u00e3o com a situa\u00e7\u00e3o dos migrantes venezuelanos nesses pa\u00edses.<\/p>\n<p>&#8220;Nestes dias, conseguimos refletir e constatar a grave situa\u00e7\u00e3o migrat\u00f3ria de grandes propor\u00e7\u00f5es que se vive em nossos pa\u00edses, principalmente por nossos irm\u00e3os vindos da Venezuela&#8221;, indicaram os prelados em mensagem divulgada no dia 4 de setembro.<\/p>\n<p>Depois de expressar sua solidariedade com o povo venezuelano, os bispos incentivaram &#8220;o compromisso das institui\u00e7\u00f5es da Igreja Cat\u00f3lica para acolher e servir aos nossos irm\u00e3os que buscam melhores perspectivas de emprego e seguran\u00e7a para si e suas fam\u00edlias&#8221;.<\/p>\n<p>Depois de agradecer aqueles que ajudam os migrantes venezuelanos, os prelados assinalaram que &#8220;os governos e organismos p\u00fablicos correspondentes dos Estados envolvidos devem analisar e dialogar em profundidade as pol\u00edticas p\u00fablicas que devem ser implementadas de maneira coordenada para responder ao fen\u00f4meno migrat\u00f3rio&#8221;.<\/p>\n<p>Os bispos tamb\u00e9m se referiram ao tema do abuso sexual contra menores e reiteraram sua disposi\u00e7\u00e3o de &#8220;continuar se esfor\u00e7ando para implementar medidas eficazes de preven\u00e7\u00e3o, para que nossas comunidades se tornem ambientes saud\u00e1veis \u200b\u200be seguros&#8221;.<\/p>\n<p>Por fim, os prelados tamb\u00e9m manifestaram interesse no pr\u00f3ximo S\u00ednodo para a Amaz\u00f4nia, a ser realizado no Vaticano em outubro, e expressaram seu \u201cinteresse e disposi\u00e7\u00e3o para colaborar nos processos de discernimento que ocorrer\u00e3o neste encontro vital para responder da melhor forma \u00e0 evangeliza\u00e7\u00e3o e ao cuidado da Casa Comum\u201d.<\/p>\n","protected":false},"excerpt":{"rendered":"<p>Os bispos dos conselhos permanentes das confer\u00eancias episcopais de Peru, Chile e Bol\u00edvia reunidos em Lima, nos dias 3 e 4 de setembro, expressaram sua preocupa\u00e7\u00e3o com a situa\u00e7\u00e3o dos migrantes venezuelanos nesses pa\u00edses. &#8220;Nestes dias, conseguimos refletir e constatar a grave situa\u00e7\u00e3o migrat\u00f3ria de grandes propor\u00e7\u00f5es que se vive em nossos pa\u00edses, principalmente por [&hellip;]<\/p>\n","protected":false},"author":1,"featured_media":53419,"comment_status":"open","ping_status":"closed","sticky":false,"template":"","format":"standard","meta":{"footnotes":""},"categories":[4],"tags":[],"class_list":["post-53418","post","type-post","status-publish","format-standard","has-post-thumbnail","hentry","category-cotidiano"],"_links":{"self":[{"href":"https:\/\/catolicanet.net\/wp-cnet\/wp-json\/wp\/v2\/posts\/53418","targetHints":{"allow":["GET"]}}],"collection":[{"href":"https:\/\/catolicanet.net\/wp-cnet\/wp-json\/wp\/v2\/posts"}],"about":[{"href":"https:\/\/catolicanet.net\/wp-cnet\/wp-json\/wp\/v2\/types\/post"}],"author":[{"embeddable":true,"href":"https:\/\/catolicanet.net\/wp-cnet\/wp-json\/wp\/v2\/users\/1"}],"replies":[{"embeddable":true,"href":"https:\/\/catolicanet.net\/wp-cnet\/wp-json\/wp\/v2\/comments?post=53418"}],"version-history":[{"count":1,"href":"https:\/\/catolicanet.net\/wp-cnet\/wp-json\/wp\/v2\/posts\/53418\/revisions"}],"predecessor-version":[{"id":53420,"href":"https:\/\/catolicanet.net\/wp-cnet\/wp-json\/wp\/v2\/posts\/53418\/revisions\/53420"}],"wp:featuredmedia":[{"embeddable":true,"href":"https:\/\/catolicanet.net\/wp-cnet\/wp-json\/wp\/v2\/media\/53419"}],"wp:attachment":[{"href":"https:\/\/catolicanet.net\/wp-cnet\/wp-json\/wp\/v2\/media?parent=53418"}],"wp:term":[{"taxonomy":"category","embeddable":true,"href":"https:\/\/catolicanet.net\/wp-cnet\/wp-json\/wp\/v2\/categories?post=53418"},{"taxonomy":"post_tag","embeddable":true,"href":"https:\/\/catolicanet.net\/wp-cnet\/wp-json\/wp\/v2\/tags?post=53418"}],"curies":[{"name":"wp","href":"https:\/\/api.w.org\/{rel}","templated":true}]}}