{"id":53406,"date":"2019-09-09T09:40:56","date_gmt":"2019-09-09T12:40:56","guid":{"rendered":"http:\/\/catolicanet.net\/wp-cnet\/?p=53406"},"modified":"2019-09-09T09:48:26","modified_gmt":"2019-09-09T12:48:26","slug":"papa-ja-esta-em-mauricio-onde-fica-apenas-um-dia","status":"publish","type":"post","link":"https:\/\/catolicanet.net\/wp-cnet\/papa-ja-esta-em-mauricio-onde-fica-apenas-um-dia\/","title":{"rendered":"Papa j\u00e1 est\u00e1 em Maur\u00edcio, onde fica apenas um dia"},"content":{"rendered":"<div>\n<p><iframe loading=\"lazy\" width=\"696\" height=\"392\" src=\"https:\/\/www.youtube.com\/embed\/4vh1DDqeEaw?feature=oembed\" frameborder=\"0\" allow=\"accelerometer; autoplay; encrypted-media; gyroscope; picture-in-picture\" allowfullscreen><\/iframe><\/p>\n<\/div>\n<div><\/div>\n<div class=\"article__subTitle\">O Papa Francisco fica apenas algumas horas em Maur\u00edcio, onde celebra a Missa para a comunidade cat\u00f3lica local na parte da manh\u00e3 e \u00e0 tarde encontra as autoridades deste pequeno pa\u00eds. No final da tarde retorna para Antananarivo, Madagascar.<\/div>\n<div class=\"title__separator\"><\/div>\n<div class=\"article__text\">\n<p><b>Cidade do Vaticano<\/b><\/p>\n<p>Pouco antes das 9h30 (hor\u00e1rio local) desta segunda-feira, 9, com chuva e vento forte, o Papa Francisco chegou a Port Louis, em Maur\u00edcio, para uma visita de um dia, a bordo do B 737-800 da Air Madagascar.\u00a0 Tendo partido do Aeroporto de Antananarivo, foram pouco mais de 2 horas de voo e 1.055 quil\u00f4metros percorridos.<\/p>\n<p>O Santo Padre foi recebido pelo primeiro-ministro Sr. Pravind Kumar Jugnauth ,acompanhado pela esposa, e pelo cardeal Maurice Piat, aos p\u00e9s da escada do avi\u00e3o. Duas crian\u00e7as com vestes tradicionais lhe ofereceram flores. Foram apresentadas as delega\u00e7\u00f5es, passada em revista a guarda de honra, entoados os hinos dos dois Estados. N\u00e3o houve discursos no aeroporto.<\/p>\n<p>O Papa transfere-se ao Monumento de Maria Rainha da Paz, onde preside a Santa Missa. A celebra\u00e7\u00e3o ser\u00e1 em franc\u00eas. No altar estar\u00e3o expostas as rel\u00edquias do Beato Jacques Laval.<\/p>\n<\/div>\n<p>&nbsp;<\/p>\n<p>Na parte da tarde o Pont\u00edfice tem um encontro com as Autoridades, a Sociedade Civil e o Corpo Diplom\u00e1tico no Pal\u00e1cio Presidencial. O Papa despede-se do pa\u00eds no final da tarde, retornando para Antananarivo, Madagascar, de onde parte na manh\u00e3 de ter\u00e7a-feira com destino a Roma.<\/p>\n<p>O pa\u00eds, tamb\u00e9m chamado de Maur\u00edcia, mas oficialmente Rep\u00fablica de Maur\u00edcio ou Rep\u00fablica de Maur\u00edcia, tem uma popula\u00e7\u00e3o de 1.311.000 habitantes distribu\u00eddos em uma superf\u00edcie de 2.040 km\u00b2. O pa\u00eds inclui as Ilhas Maur\u00edcia e Rodrigues (a 560 km da Ilha Maur\u00edcia), e as Ilhas exteriores de Agalega e Cargados Carajos, esta \u00faltima conhecida oficialmente como\u00a0<i>Saint-Brandon<\/i>.<\/p>\n<p>As Ilhas Maur\u00edcia e Rodrigues fazem parte das Ilhas Mascarenhas, junto com a vizinha Reuni\u00e3o, um departamento ultramarino franc\u00eas. O pa\u00eds \u00e9 membro da Commonwealth, da Francofonia e da Uni\u00e3o Africana. L\u00e1 fala-se o franc\u00eas\u00a0 e o ingl\u00eas. A capital e maior cidade \u00e9 Port Louis.<\/p>\n<p>Os prim\u00f3rdios da Igreja Cat\u00f3lica em Maur\u00edcio remontam ao s\u00e9culo XVII. A primeira Missa no territ\u00f3rio foi celebrada em 1616 pelos jesu\u00edtas, mas a evangeliza\u00e7\u00e3o teve um grande impulso com a chegada dos padres lazaristas, no s\u00e9culo XVIII. A maior parte da popula\u00e7\u00e3o \u00e9 hindu\u00edsta, devido \u00e0 imigra\u00e7\u00e3o de m\u00e3o-de-obra da \u00cdndia. Os cat\u00f3licos s\u00e3o pouco mais de 28% da popula\u00e7\u00e3o mauriciana.<\/p>\n","protected":false},"excerpt":{"rendered":"<p>O Papa Francisco fica apenas algumas horas em Maur\u00edcio, onde celebra a Missa para a comunidade cat\u00f3lica local na parte da manh\u00e3 e \u00e0 tarde encontra as autoridades deste pequeno pa\u00eds. No final da tarde retorna para Antananarivo, Madagascar. Cidade do Vaticano Pouco antes das 9h30 (hor\u00e1rio local) desta segunda-feira, 9, com chuva e vento [&hellip;]<\/p>\n","protected":false},"author":1,"featured_media":53407,"comment_status":"open","ping_status":"closed","sticky":false,"template":"","format":"standard","meta":{"footnotes":""},"categories":[3],"tags":[],"class_list":["post-53406","post","type-post","status-publish","format-standard","has-post-thumbnail","hentry","category-vaticano"],"_links":{"self":[{"href":"https:\/\/catolicanet.net\/wp-cnet\/wp-json\/wp\/v2\/posts\/53406","targetHints":{"allow":["GET"]}}],"collection":[{"href":"https:\/\/catolicanet.net\/wp-cnet\/wp-json\/wp\/v2\/posts"}],"about":[{"href":"https:\/\/catolicanet.net\/wp-cnet\/wp-json\/wp\/v2\/types\/post"}],"author":[{"embeddable":true,"href":"https:\/\/catolicanet.net\/wp-cnet\/wp-json\/wp\/v2\/users\/1"}],"replies":[{"embeddable":true,"href":"https:\/\/catolicanet.net\/wp-cnet\/wp-json\/wp\/v2\/comments?post=53406"}],"version-history":[{"count":2,"href":"https:\/\/catolicanet.net\/wp-cnet\/wp-json\/wp\/v2\/posts\/53406\/revisions"}],"predecessor-version":[{"id":53411,"href":"https:\/\/catolicanet.net\/wp-cnet\/wp-json\/wp\/v2\/posts\/53406\/revisions\/53411"}],"wp:featuredmedia":[{"embeddable":true,"href":"https:\/\/catolicanet.net\/wp-cnet\/wp-json\/wp\/v2\/media\/53407"}],"wp:attachment":[{"href":"https:\/\/catolicanet.net\/wp-cnet\/wp-json\/wp\/v2\/media?parent=53406"}],"wp:term":[{"taxonomy":"category","embeddable":true,"href":"https:\/\/catolicanet.net\/wp-cnet\/wp-json\/wp\/v2\/categories?post=53406"},{"taxonomy":"post_tag","embeddable":true,"href":"https:\/\/catolicanet.net\/wp-cnet\/wp-json\/wp\/v2\/tags?post=53406"}],"curies":[{"name":"wp","href":"https:\/\/api.w.org\/{rel}","templated":true}]}}