{"id":53394,"date":"2019-09-09T09:22:27","date_gmt":"2019-09-09T12:22:27","guid":{"rendered":"http:\/\/catolicanet.net\/wp-cnet\/?p=53394"},"modified":"2019-09-09T09:22:27","modified_gmt":"2019-09-09T12:22:27","slug":"bispos-emeritos-se-reunem-em-brasilia-df-ate-sexta-feira-13-para-encontro-nacional","status":"publish","type":"post","link":"https:\/\/catolicanet.net\/wp-cnet\/bispos-emeritos-se-reunem-em-brasilia-df-ate-sexta-feira-13-para-encontro-nacional\/","title":{"rendered":"Bispos em\u00e9ritos se re\u00fanem em Bras\u00edlia (DF), at\u00e9 sexta-feira, 13, para encontro nacional"},"content":{"rendered":"<p>No dia 10, ter\u00e7a-feira, o Centro Cultural Mission\u00e1rio (CCM) recebe o 5\u00ba Encontro Nacional dos Bispos Em\u00e9rito, promovido pela Comiss\u00e3o para os Minist\u00e9rios Ordenados e a Vida Consagrada da CNBB. A iniciativa segue at\u00e9 a pr\u00f3xima sexta-feira, 13.<\/p>\n<p>Com foco na import\u00e2ncia do trabalho do bispo em\u00e9rito, o encontro levar\u00e1 em considera\u00e7\u00e3o assuntos relevantes para a vida, sa\u00fade e miss\u00e3o do bispo em\u00e9rito. Al\u00e9m disso, far\u00e1 um resgate da mem\u00f3ria hist\u00f3rica da Comiss\u00e3o e caracter\u00edsticas do mundo atual.<\/p>\n<p>Palestras com especialistas e uma visita programada \u00e0 sede da Confer\u00eancia Nacional dos Bispos do Brasil (CNBB), na L2 Sul e na Editora da CNBB, no Setor de Armazenagem e Abastecimento Norte (SAAN) est\u00e3o entre as atividades planejadas.<\/p>\n<p>Um momento de forma\u00e7\u00e3o sobre as Diretrizes para a A\u00e7\u00e3o Evangelizadora da Igreja no Brasil (DGAE) com o secret\u00e1rio-geral da CNBB, dom Joel Portella tamb\u00e9m consta na programa\u00e7\u00e3o. O presidente da CNBB, dom Walmor Oliveira de Azevedo tamb\u00e9m participar\u00e1 do encontro.<\/p>\n","protected":false},"excerpt":{"rendered":"<p>No dia 10, ter\u00e7a-feira, o Centro Cultural Mission\u00e1rio (CCM) recebe o 5\u00ba Encontro Nacional dos Bispos Em\u00e9rito, promovido pela Comiss\u00e3o para os Minist\u00e9rios Ordenados e a Vida Consagrada da CNBB. A iniciativa segue at\u00e9 a pr\u00f3xima sexta-feira, 13. Com foco na import\u00e2ncia do trabalho do bispo em\u00e9rito, o encontro levar\u00e1 em considera\u00e7\u00e3o assuntos relevantes para [&hellip;]<\/p>\n","protected":false},"author":1,"featured_media":53395,"comment_status":"open","ping_status":"closed","sticky":false,"template":"","format":"standard","meta":{"footnotes":""},"categories":[7],"tags":[],"class_list":["post-53394","post","type-post","status-publish","format-standard","has-post-thumbnail","hentry","category-cnbb"],"_links":{"self":[{"href":"https:\/\/catolicanet.net\/wp-cnet\/wp-json\/wp\/v2\/posts\/53394","targetHints":{"allow":["GET"]}}],"collection":[{"href":"https:\/\/catolicanet.net\/wp-cnet\/wp-json\/wp\/v2\/posts"}],"about":[{"href":"https:\/\/catolicanet.net\/wp-cnet\/wp-json\/wp\/v2\/types\/post"}],"author":[{"embeddable":true,"href":"https:\/\/catolicanet.net\/wp-cnet\/wp-json\/wp\/v2\/users\/1"}],"replies":[{"embeddable":true,"href":"https:\/\/catolicanet.net\/wp-cnet\/wp-json\/wp\/v2\/comments?post=53394"}],"version-history":[{"count":1,"href":"https:\/\/catolicanet.net\/wp-cnet\/wp-json\/wp\/v2\/posts\/53394\/revisions"}],"predecessor-version":[{"id":53396,"href":"https:\/\/catolicanet.net\/wp-cnet\/wp-json\/wp\/v2\/posts\/53394\/revisions\/53396"}],"wp:featuredmedia":[{"embeddable":true,"href":"https:\/\/catolicanet.net\/wp-cnet\/wp-json\/wp\/v2\/media\/53395"}],"wp:attachment":[{"href":"https:\/\/catolicanet.net\/wp-cnet\/wp-json\/wp\/v2\/media?parent=53394"}],"wp:term":[{"taxonomy":"category","embeddable":true,"href":"https:\/\/catolicanet.net\/wp-cnet\/wp-json\/wp\/v2\/categories?post=53394"},{"taxonomy":"post_tag","embeddable":true,"href":"https:\/\/catolicanet.net\/wp-cnet\/wp-json\/wp\/v2\/tags?post=53394"}],"curies":[{"name":"wp","href":"https:\/\/api.w.org\/{rel}","templated":true}]}}