{"id":53376,"date":"2019-09-05T08:33:01","date_gmt":"2019-09-05T11:33:01","guid":{"rendered":"http:\/\/catolicanet.net\/wp-cnet\/?p=53376"},"modified":"2019-09-09T08:34:42","modified_gmt":"2019-09-09T11:34:42","slug":"280-anos-do-seminario-sao-jose","status":"publish","type":"post","link":"https:\/\/catolicanet.net\/wp-cnet\/280-anos-do-seminario-sao-jose\/","title":{"rendered":"280 anos do Semin\u00e1rio S\u00e3o Jos\u00e9"},"content":{"rendered":"<p>O Semin\u00e1rio \u00e9 uma especial comunidade educativa cuja fisionomia vem determinada por seu fim espec\u00edfico que consiste no \u201cacompanhamento vocacional dos futuros sacerdotes, e por tanto, o discernimento da voca\u00e7\u00e3o, a ajuda para corresponder a ela e a prepara\u00e7\u00e3o para receber o sacramento da ordem com as gra\u00e7as e responsabilidades pr\u00f3prias, pelas quais o sacerdote se configura com Jesus Cristo Cabe\u00e7a e Pastor, e se prepara e compromete para assumir sua miss\u00e3o de salva\u00e7\u00e3o na Igreja e no mundo\u201d (Cf. Pastores Dabo Vobis, 61).<\/p>\n<p>Essas tarefas de acompanhamentos vocacional, de discernimento, de prepara\u00e7\u00e3o e ajuda se levam a cabo por diversos formadores que est\u00e3o ou devem estar em profunda conson\u00e2ncia com o Bispo Diocesano, pois, ele \u00e9 o primeiro respons\u00e1vel na forma\u00e7\u00e3o sacerdotal e sobre ele recai a alta dire\u00e7\u00e3o e administra\u00e7\u00e3o do semin\u00e1rio.<\/p>\n<p>A Igreja sempre reservou uma especial aten\u00e7\u00e3o ao tema da forma\u00e7\u00e3o sacerdotal. O estudo da hist\u00f3ria da Igreja, nos mostra a delicadeza e a import\u00e2ncia de tal tema, desde os tempos apost\u00f3licos at\u00e9 os nossos dias. Se podem delinear facilmente as etapas fundamentais deste caminho, tendo presente os momentos hist\u00f3ricos da Igreja e os condicionamentos socioculturais vividos.<\/p>\n<p>A exorta\u00e7\u00e3o Apost\u00f3lica <strong><em>Pastores Dabo Vobis<\/em><\/strong> de S\u00e3o Jo\u00e3o Paulo II, recorda que a forma\u00e7\u00e3o dos futuros sacerdotes, sejam diocesanos ou n\u00e3o, \u00e9 de continuo cuidado e se alarga durante todo o curso da vida. \u00c9 por isso, que \u00e9 considerado pela Igreja, como uma das tarefas de m\u00e1xima delicadeza e import\u00e2ncia para o futuro da evangeliza\u00e7\u00e3o da humanidade.<\/p>\n<p>A forma\u00e7\u00e3o seminar\u00edstica e o modelo de sacerdote s\u00e3o duas realidades intrinsecamente ligadas entre si. A forma\u00e7\u00e3o mesma n\u00e3o pode ser separada da imagem do sacerdote e seu modo de viver dentro da sociedade. A obra formativa do semin\u00e1rio visa a construir um sujeito que corresponda com a expectativa da Igreja e da sociedade e sua vez, as caracter\u00edsticas que s\u00e3o consideradas como essenciais. O Semin\u00e1rio \u00e9 concebido com rela\u00e7\u00e3o ao modelo de sacerdote que se quer ter.<\/p>\n<p>O semin\u00e1rio tridentino, com suas estruturas baseadas sobre os tr\u00eas pilares da forma\u00e7\u00e3o ao sacerd\u00f3cio, a piedade, o estudo e a disciplina, havia dado respostas hist\u00f3ricas adaptadas a seus tempos. O sacerd\u00f3cio que sa\u00eda do Semin\u00e1rio devia saber rezar e ser obediente, por\u00e9m, a base cultural recebida no semin\u00e1rio nem sempre foi suficiente. A prepara\u00e7\u00e3o seminar\u00edstica era indiferenciada, igual para todos, qualquer fosse a proveni\u00eancia do futuro sacerdote e sua situa\u00e7\u00e3o humana e cultural, antes do ingresso no Semin\u00e1rio. Na vis\u00e3o da comunidade eclesial, a sociedade n\u00e3o trocou muito desde os tempos do Conc\u00edlio de Trento at\u00e9 os primeiros dec\u00eanios do s\u00e9culo XX, especialmente no que se refere a concep\u00e7\u00e3o do sagrado e no modo de transmiss\u00e3o da f\u00e9. Por\u00e9m, a transforma\u00e7\u00e3o radical que o mundo sofreu nos \u00faltimos tempos provocou na Igreja crises e perguntas.<\/p>\n<p>A renova\u00e7\u00e3o pedag\u00f3gica dos semin\u00e1rios, mandada pelo Conc\u00edlio Ecum\u00eanico Vaticano II, conheceu uma hist\u00f3ria ampla e complexa. Para compreender em modo adequado o processo da forma\u00e7\u00e3o dos candidatos ao sacerd\u00f3cio, se devem ter presentes alguns aspectos da situa\u00e7\u00e3o eclesial. Assim, como as caracter\u00edsticas socioculturais de nosso tempo. A rela\u00e7\u00e3o da Igreja com o mundo, com uma nova dimens\u00e3o, depois do Conc\u00edlio Ecum\u00eanico Vaticano II, introduziu uma nova concep\u00e7\u00e3o de conviv\u00eancia e de rela\u00e7\u00e3o entre comunidade eclesial e sociedade. N\u00e3o baseada sobre o car\u00e1ter intelectual e de oposi\u00e7\u00e3o rec\u00edproca. Por outro lado, em clima de seculariza\u00e7\u00e3o dos \u00faltimos anos, h\u00e1 muito o que pensar novamente at\u00e9 quem se dedica a mensagem. Um contexto sociocultural de clara inspira\u00e7\u00e3o crist\u00e3 que antigamente assegurava uma maior fidelidade ao estilo de vida das pessoas que elogiam a voca\u00e7\u00e3o sacerdotal o da vida religiosa, h\u00e1 desaparecido na maioria das sociedades. Em consequ\u00eancia, frente a uma sociedade distinta, tamb\u00e9m ao modelo de sacerdote, seu modo de ser, seu modo de trabalhar e de relacionar-se, e mudado neste sentido. Em vista de tais modelos diferentes, que a prepara\u00e7\u00e3o ao sacerd\u00f3cio dos futuros padres tem sido diversificada e n\u00e3o somente em seu aspecto cultural e humano, mas tamb\u00e9m no espiritual.<\/p>\n<p>Al\u00e9m das id\u00e9ias gerais sobre o semin\u00e1rio e sua miss\u00e3o, ao comemoramos essa data festiva aqui no Rio de Janeiro, \u00e9 claro que focamos tamb\u00e9m o nosso Semin\u00e1rio Arquidiocesano S\u00e3o Jos\u00e9 o qual completa 280 anos de miss\u00e3o neste 05 de Setembro. Em <strong>1739,<\/strong> o Semin\u00e1rio S\u00e3o Jos\u00e9 \u00e9 fundado pelo Bispo Dom Ant\u00f4nio de Guadalupe, OFM. As primeiras instala\u00e7\u00f5es do Semin\u00e1rio situavam-se na encosta do Morro do Castelo, no in\u00edcio da ladeira que seria mais tarde chamada de \u201cLadeira do Semin\u00e1rio\u201d.<\/p>\n<p>Em 1869 Dom Pedro Lacerda transfere a administra\u00e7\u00e3o do Semin\u00e1rio aos Lazaristas. Essa mudan\u00e7a provavelmente se deu pela dificuldade de Dom Pedro Lacerda em encontrar padres formadores. J\u00e1 que ele mesmo havia sido formado com os religiosos sup\u00f5e-se que eles facilitaram a mudan\u00e7a. Em <strong>1907<\/strong> o Semin\u00e1rio \u00e9 fechado por problemas internos da Igreja do Brasil que pretendia centralizar a forma\u00e7\u00e3o sacerdotal nos Semin\u00e1rios de S\u00e3o Paulo e Mariana.<\/p>\n<p>Em 1924\u00a0o Semin\u00e1rio Arquidiocesano \u00e9 reaberto na Ilha de Paquet\u00e1. As instala\u00e7\u00f5es do Rio Comprido estavam ocupadas pelos Maristas. <strong>Em 1948 <\/strong>o Cardeal Dom Jaime de Barros C\u00e2mara termina a constru\u00e7\u00e3o do novo pr\u00e9dio a beira da Avenida Paulo de Frontin (onde hoje est\u00e1 instalada uma universidade) e, anos depois, constr\u00f3i outro edif\u00edcio para o Semin\u00e1rio Menor que \u00e9 ocupado hoje parcialmente pela Filosofia do Semin\u00e1rio. <strong>Em 1985<\/strong>\u00a0\u00e9 constru\u00eddo sob o governo do Cardeal Dom Eug\u00eanio de Ara\u00fajo Sales o novo pr\u00e9dio para o Semin\u00e1rio Maior, pr\u00e9dio que hoje \u00e9 ocupado pela Teologia, pelo Instituto de Filosofia Jo\u00e3o Paulo II e pelo Instituto Superior de Teologia da Arquidiocese do Rio de Janeiro. A motiva\u00e7\u00e3o da mudan\u00e7a foi a constru\u00e7\u00e3o do Elevado Paulo de Frontin que causava um enorme barulho, impossibilitando o estudo.<\/p>\n<p>Em 2003 o Semin\u00e1rio Menor \u00e9 encerrado sob o governo do Cardeal Dom Eus\u00e9bio Oscar Scheidt. \u00c9 neste ano tamb\u00e9m que \u00e9 criado o Semin\u00e1rio Proped\u00eautico Rainha dos Ap\u00f3stolos com sede localizada na Rua Conde de Bonfim na Tijuca. <strong>Em 2012, fizemos uma mudan\u00e7a substancial sendo que<\/strong>\u00a0o Semin\u00e1rio Rainha dos Ap\u00f3stolos \u00e9 transferido para a sede atual do Rio Comprido e a casa da Rua Conde de Bonfim foi destinada ao Semin\u00e1rio Mission\u00e1rio.<\/p>\n<p>N\u00e3o poderia deixar de ressaltar a minha gratid\u00e3o pelo trabalho desenvolvido pelos reitores e formadores de ontem e de hoje. Deus lhe pague por formarem sacerdotes como pede o Papa Francisco: \u201cvoc\u00eas, no semin\u00e1rio, devem <strong>estudar, aprender a crescer na ora\u00e7\u00e3o, conhecer a vida espiritual.<\/strong> No semin\u00e1rio s\u00e3o muitos seminaristas e a vida comunit\u00e1ria \u00e9 importante\u201d. Para o Pont\u00edfice, esses quatro pilares s\u00e3o fundamentais. Estudar \u00e9 importante \u201cporque o mundo n\u00e3o tolera um sacerdote que n\u00e3o entende as coisas, que n\u00e3o tem um m\u00e9todo para entender as coisas, que \u00e9 incapaz de dizer as coisas de Deus com fundamento\u201d, mas tamb\u00e9m \u00e9 importante \u201ca vida espiritual, a ora\u00e7\u00e3o; ou a vida comunit\u00e1ria com os companheiros, ou a vida apost\u00f3lica, atender a comunidade paroquial\u201d. \u201cOs quatro pilares s\u00e3o necess\u00e1rios na forma\u00e7\u00e3o e se falta um deles, a forma\u00e7\u00e3o n\u00e3o \u00e9 equilibrada\u201d, indicou. Al\u00e9m disso, assegurou que \u201ca vida do sacerdote deve ser fecunda. Que d\u00ea vida aos outros! Que seja pai de uma comunidade.\u201d. Neste sentido, o Bispo de Roma destacou que \u201ca paternidade da voca\u00e7\u00e3o pastoral significa dar a vida, fazer a vida crescer; n\u00e3o passar desapercebido na vida de uma comunidade. E dever\u00e1 faz\u00ea-lo com coragem, fortaleza e ternura\u201d. \u201cOlhem para seus pais na f\u00e9\u201d, exortou os seminaristas. \u201cOlhem para seus pais e pe\u00e7am ao Senhor a gra\u00e7a da mem\u00f3ria, da mem\u00f3ria eclesial\u201d. \u201c\u2018A hist\u00f3ria da salva\u00e7\u00e3o n\u00e3o come\u00e7a comigo\u2019, devemos dizer isso para n\u00f3s mesmos. \u2018A minha\u00a0<a href=\"https:\/\/www.acidigital.com\/igreja\/index.html\">Igreja<\/a>\u00a0tem uma tradi\u00e7\u00e3o, uma longa tradi\u00e7\u00e3o de bravos sacerdotes\u2019. A Igreja tem que lev\u00e1-la adiante\u201d. E essa tradi\u00e7\u00e3o, assinalou Francisco a cada seminarista, \u201cn\u00e3o terminar\u00e1 contigo. Deve deix\u00e1-la como heran\u00e7a ao que ocupe o seu lugar. Padres que recebem a paternidade dos outros e a d\u00e3o aos outros\u201d. (<a href=\"https:\/\/www.acidigital.com\/noticias\/estes-sao-os-4-pilares-para-a-formacao-de-bons-seminaristas-segundo-o-papa-francisco-80104\">https:\/\/www.acidigital.com\/noticias\/estes-sao-os-4-pilares-para-a-formacao-de-bons-seminaristas-segundo-o-papa-francisco-80104<\/a>, \u00faltimo acesso em 03 de setembro de 2019)<\/p>\n<p>Neste ano vocacional em que vivemos \u00e9 grande a responsabilidade de toda a Arquidiocese, Par\u00f3quias, comunidades em favor do Semin\u00e1rio S\u00e3o Jos\u00e9, quer seja espiritualmente pedindo santas, numerosas e qualificadas voca\u00e7\u00f5es, bem como materialmente para a manuten\u00e7\u00e3o do Semin\u00e1rio, o centro pulsante da Igreja Particular.<\/p>\n<p>Contudo ao celebramos estes 280 anos de hist\u00f3ria e de miss\u00e3o, queremos rezar ainda mais pelo nosso semin\u00e1rio e pela nossa Arquidiocese para Deus continue a enviar mission\u00e1rios para a messe. Que S\u00e3o Jos\u00e9, patrono do nosso semin\u00e1rio e patrono universal da Igreja olhe por todos n\u00f3s, pelos formadores, seminaristas e vocacionados.<\/p>\n","protected":false},"excerpt":{"rendered":"<p>O Semin\u00e1rio \u00e9 uma especial comunidade educativa cuja fisionomia vem determinada por seu fim espec\u00edfico que consiste no \u201cacompanhamento vocacional dos futuros sacerdotes, e por tanto, o discernimento da voca\u00e7\u00e3o, a ajuda para corresponder a ela e a prepara\u00e7\u00e3o para receber o sacramento da ordem com as gra\u00e7as e responsabilidades pr\u00f3prias, pelas quais o sacerdote [&hellip;]<\/p>\n","protected":false},"author":5,"featured_media":32777,"comment_status":"open","ping_status":"closed","sticky":false,"template":"","format":"standard","meta":{"footnotes":""},"categories":[9],"tags":[],"class_list":["post-53376","post","type-post","status-publish","format-standard","has-post-thumbnail","hentry","category-artigos"],"_links":{"self":[{"href":"https:\/\/catolicanet.net\/wp-cnet\/wp-json\/wp\/v2\/posts\/53376","targetHints":{"allow":["GET"]}}],"collection":[{"href":"https:\/\/catolicanet.net\/wp-cnet\/wp-json\/wp\/v2\/posts"}],"about":[{"href":"https:\/\/catolicanet.net\/wp-cnet\/wp-json\/wp\/v2\/types\/post"}],"author":[{"embeddable":true,"href":"https:\/\/catolicanet.net\/wp-cnet\/wp-json\/wp\/v2\/users\/5"}],"replies":[{"embeddable":true,"href":"https:\/\/catolicanet.net\/wp-cnet\/wp-json\/wp\/v2\/comments?post=53376"}],"version-history":[{"count":1,"href":"https:\/\/catolicanet.net\/wp-cnet\/wp-json\/wp\/v2\/posts\/53376\/revisions"}],"predecessor-version":[{"id":53377,"href":"https:\/\/catolicanet.net\/wp-cnet\/wp-json\/wp\/v2\/posts\/53376\/revisions\/53377"}],"wp:featuredmedia":[{"embeddable":true,"href":"https:\/\/catolicanet.net\/wp-cnet\/wp-json\/wp\/v2\/media\/32777"}],"wp:attachment":[{"href":"https:\/\/catolicanet.net\/wp-cnet\/wp-json\/wp\/v2\/media?parent=53376"}],"wp:term":[{"taxonomy":"category","embeddable":true,"href":"https:\/\/catolicanet.net\/wp-cnet\/wp-json\/wp\/v2\/categories?post=53376"},{"taxonomy":"post_tag","embeddable":true,"href":"https:\/\/catolicanet.net\/wp-cnet\/wp-json\/wp\/v2\/tags?post=53376"}],"curies":[{"name":"wp","href":"https:\/\/api.w.org\/{rel}","templated":true}]}}