{"id":53363,"date":"2019-09-06T11:00:30","date_gmt":"2019-09-06T14:00:30","guid":{"rendered":"http:\/\/catolicanet.net\/wp-cnet\/?p=53363"},"modified":"2019-09-06T11:00:30","modified_gmt":"2019-09-06T14:00:30","slug":"por-que-madre-teresa-nao-queria-que-todos-fossem-exatamente-como-ela","status":"publish","type":"post","link":"https:\/\/catolicanet.net\/wp-cnet\/por-que-madre-teresa-nao-queria-que-todos-fossem-exatamente-como-ela\/","title":{"rendered":"Por que Madre Teresa n\u00e3o queria que todos fossem exatamente como ela"},"content":{"rendered":"<div class=\"io-div\" data-io-article-url=\"https:\/\/pt.aleteia.org\/2019\/09\/06\/por-que-madre-teresa-nao-queria-que-todos-fossem-exatamente-como-ela\/\">\n<h2 class=\"subtitle\">Ela incentivava as pessoas a &#8220;encontrar sua pr\u00f3pria Calcut\u00e1&#8221;<\/h2>\n<div class=\"base-post-content\">Tornou-se um clich\u00ea da cultura ocidental dizer: \u201cN\u00e3o sou Madre Teresa!\u201d. A express\u00e3o \u00e9, geralmente, dita em resposta a algum ato extraordin\u00e1rio de caridade, expressando a cren\u00e7a de uma pessoa de que nunca conseguiria fazer uma coisa dessas.Curiosamente, Santa Teresa de Calcut\u00e1 concordaria completamente com essa afirma\u00e7\u00e3o, n\u00e3o querendo que as pessoas fossem exatamente como ela, mas que cumprissem a vontade \u00fanica de Deus em suas vidas.<\/p>\n<p>Suas cren\u00e7as s\u00e3o mais bem expressas nesta cita\u00e7\u00e3o: \u201cO que eu posso fazer, voc\u00ea n\u00e3o pode. O que voc\u00ea pode fazer, eu n\u00e3o posso. Mas juntos podemos fazer algo bonito para Deus\u201d. Esse pensamento transmite a ideia de que\u00a0cada pessoa tem um lugar \u00fanico neste mundo e que poucas pessoas devem vender todas as suas coisas e se mudar para Calcut\u00e1 para ajudar os pobres. De fato, Madre Teresa desaconselharia um \u00eaxodo em massa do mundo.<\/p>\n<p>Em vez disso, Madre Teresa incentivava as pessoas a \u201cencontrar sua pr\u00f3pria Calcut\u00e1\u201d, dizendo:<\/p>\n<blockquote><p><em>\u201cFique onde est\u00e1. Encontre a sua pr\u00f3pria Calcut\u00e1. Encontre os doentes, os sofredores e os solit\u00e1rios, exatamente onde voc\u00ea est\u00e1 \u2013 em suas pr\u00f3prias casas e em suas pr\u00f3prias fam\u00edlias, em suas casas, em seus locais de trabalho e em suas escolas. Voc\u00ea pode encontrar Calcut\u00e1 em todo o mundo, se tiver olhos para ver. Em todos os lugares, aonde quer que voc\u00ea v\u00e1, voc\u00ea encontra pessoas indesejadas, n\u00e3o amadas, sem cuidados, apenas rejeitadas pela sociedade \u2013 completamente esquecidas, completamente abandonadas\u201d.\u00a0<\/em><\/p><\/blockquote>\n<p>Esse conceito n\u00e3o nos impede de ajudar os pobres, mas nos desafia a examinar a n\u00f3s mesmos e nosso lugar neste mundo. Cada um de n\u00f3s tem dons e talentos \u00fanicos que devem ser usados \u200b\u200bpara o benef\u00edcio da comunidade. Podemos n\u00e3o ser chamados para cuidar diariamente das feridas dos doentes e dos sem-teto, mas somos chamados a exercer a caridade crist\u00e3 em v\u00e1rias outras situa\u00e7\u00f5es.<\/p>\n<div id=\"aleteia-welcome\" data-google-query-id=\"CIfTtIasvOQCFQR3wQodz2gL7Q\">\n<div id=\"google_ads_iframe_\/64500793\/PT_DESK_ARTICLE_WELCOME_1X1_0__container__\"><iframe id=\"google_ads_iframe_\/64500793\/PT_DESK_ARTICLE_WELCOME_1X1_0\" title=\"3rd party ad content\" name=\"google_ads_iframe_\/64500793\/PT_DESK_ARTICLE_WELCOME_1X1_0\" width=\"1\" height=\"1\" frameborder=\"0\" marginwidth=\"0\" marginheight=\"0\" scrolling=\"no\" data-google-container-id=\"3\" data-load-complete=\"true\" data-mce-fragment=\"1\"><\/iframe><\/div>\n<\/div>\n<p>Ent\u00e3o, se voc\u00ea sente que nunca poderia ser uma \u201cMadre Teresa\u201d, isso \u00e9 uma coisa boa! Pouqu\u00edssimas pessoas s\u00e3o chamadas para uma voca\u00e7\u00e3o \u00fanica. No entanto, somos chamados a \u201cencontrar nossa pr\u00f3pria Calcut\u00e1\u201d e discernir como podemos ajudar os pobres e sofredores. N\u00f3s podemos fazer coisas que ningu\u00e9m mais pode. At\u00e9 Madre Teresa n\u00e3o podia fazer algumas das coisas que n\u00f3s conseguimos.<\/p>\n<div class=\"nativo-inread\"><\/div>\n<p>Todos s\u00e3o \u00fanicos e, quando trabalhamos juntos para construir um mundo melhor, \u201cpodemos fazer algo bonito para Deus\u201d.<\/p>\n<\/div>\n<\/div>\n<div class=\"row\">\n<div class=\"col-xs-12 text-center pagination-cont-article\"><\/div>\n<\/div>\n","protected":false},"excerpt":{"rendered":"<p>Ela incentivava as pessoas a &#8220;encontrar sua pr\u00f3pria Calcut\u00e1&#8221; Tornou-se um clich\u00ea da cultura ocidental dizer: \u201cN\u00e3o sou Madre Teresa!\u201d. A express\u00e3o \u00e9, geralmente, dita em resposta a algum ato extraordin\u00e1rio de caridade, expressando a cren\u00e7a de uma pessoa de que nunca conseguiria fazer uma coisa dessas.Curiosamente, Santa Teresa de Calcut\u00e1 concordaria completamente com essa [&hellip;]<\/p>\n","protected":false},"author":1,"featured_media":53364,"comment_status":"open","ping_status":"closed","sticky":false,"template":"","format":"standard","meta":{"footnotes":""},"categories":[7],"tags":[],"class_list":["post-53363","post","type-post","status-publish","format-standard","has-post-thumbnail","hentry","category-cnbb"],"_links":{"self":[{"href":"https:\/\/catolicanet.net\/wp-cnet\/wp-json\/wp\/v2\/posts\/53363","targetHints":{"allow":["GET"]}}],"collection":[{"href":"https:\/\/catolicanet.net\/wp-cnet\/wp-json\/wp\/v2\/posts"}],"about":[{"href":"https:\/\/catolicanet.net\/wp-cnet\/wp-json\/wp\/v2\/types\/post"}],"author":[{"embeddable":true,"href":"https:\/\/catolicanet.net\/wp-cnet\/wp-json\/wp\/v2\/users\/1"}],"replies":[{"embeddable":true,"href":"https:\/\/catolicanet.net\/wp-cnet\/wp-json\/wp\/v2\/comments?post=53363"}],"version-history":[{"count":1,"href":"https:\/\/catolicanet.net\/wp-cnet\/wp-json\/wp\/v2\/posts\/53363\/revisions"}],"predecessor-version":[{"id":53365,"href":"https:\/\/catolicanet.net\/wp-cnet\/wp-json\/wp\/v2\/posts\/53363\/revisions\/53365"}],"wp:featuredmedia":[{"embeddable":true,"href":"https:\/\/catolicanet.net\/wp-cnet\/wp-json\/wp\/v2\/media\/53364"}],"wp:attachment":[{"href":"https:\/\/catolicanet.net\/wp-cnet\/wp-json\/wp\/v2\/media?parent=53363"}],"wp:term":[{"taxonomy":"category","embeddable":true,"href":"https:\/\/catolicanet.net\/wp-cnet\/wp-json\/wp\/v2\/categories?post=53363"},{"taxonomy":"post_tag","embeddable":true,"href":"https:\/\/catolicanet.net\/wp-cnet\/wp-json\/wp\/v2\/tags?post=53363"}],"curies":[{"name":"wp","href":"https:\/\/api.w.org\/{rel}","templated":true}]}}