{"id":53347,"date":"2019-09-06T09:41:16","date_gmt":"2019-09-06T12:41:16","guid":{"rendered":"http:\/\/catolicanet.net\/wp-cnet\/?p=53347"},"modified":"2019-09-06T09:41:16","modified_gmt":"2019-09-06T12:41:16","slug":"dia-da-amazonia-a-igreja-esta-do-lado-dos-povos-mais-vulneraveis","status":"publish","type":"post","link":"https:\/\/catolicanet.net\/wp-cnet\/dia-da-amazonia-a-igreja-esta-do-lado-dos-povos-mais-vulneraveis\/","title":{"rendered":"Dia da Amaz\u00f4nia: a Igreja est\u00e1 do lado dos povos mais vulner\u00e1veis"},"content":{"rendered":"<h1 class=\"article__title\"><\/h1>\n<div class=\"article__subTitle\">A data de conscientiza\u00e7\u00e3o e pela defesa da Amaz\u00f4nia \u00e9 comemorada nesta quinta-feira (5), mas foi na v\u00e9spera do Dia da Amaz\u00f4nia que uma delega\u00e7\u00e3o com representantes da Igreja esteve no plen\u00e1rio da C\u00e2mara dos Deputados. Dom Evaristo Spengler chegou a se pronunciar na tribuna do plen\u00e1rio: \u201cn\u00f3s estamos do lado dos fracos, como Jesus. A Igreja se compromete com os povos ind\u00edgenas, quilombolas, ribeirinhos e todos os povos vulner\u00e1veis da nossa Amaz\u00f4nia\u201d.<\/div>\n<div class=\"title__separator\"><\/div>\n<div class=\"article__text\">\n<p><b>Andressa Collet, CNBB \u2013 Cidade do Vaticano<\/b><\/p>\n<p>Neste 5 de setembro \u00e9 comemorado o Dia da Amaz\u00f4nia, uma das maiores riquezas da humanidade que compreende 9 pa\u00edses e \u00e9 tema do pr\u00f3ximo S\u00ednodo dos Bispos marcado para outubro, no Vaticano. No Brasil, a data \u00e9 principalmente lembrada pela conscientiza\u00e7\u00e3o e defesa do bioma.<\/p>\n<p>Na quarta-feira (4), v\u00e9spera da data comemorativa, uma delega\u00e7\u00e3o formada por representantes de entidades eclesiais e de povos tradicionais da Amaz\u00f4nia estiveram na C\u00e2mara dos Deputados em Bras\u00edlia para entregar aos parlamentares a carta dos bispos daquela regi\u00e3o. O ato foi conduzido pelo bispo da prelazia de Maraj\u00f3 (PA), Dom Evaristo Spengler, apoiado pela Rede Eclesial Pan-Amaz\u00f4nica (REPAM-Brasil) e pela CNBB.<\/p>\n<p>Dom Evaristo teve a oportunidade de ler um trecho do texto ao ser convidado para discursar na tribuna, durante uma sess\u00e3o no plen\u00e1rio Ulysses Guimar\u00e3es que debatia a preserva\u00e7\u00e3o e a prote\u00e7\u00e3o da Amaz\u00f4nia.<\/p>\n<h2>O alerta da carta dos bispos<\/h2>\n<p>A <a href=\"http:\/\/repam.org.br\/wp-content\/uploads\/2019\/08\/Carta-Encontro-de-Bel%C3%A9m-1.pdf\" rel=\"external nofollow\">carta<\/a>, aprovada pelos bispos em encontro realizado na \u00faltima semana, em Bel\u00e9m (PA), faz um alerta sobre o \u201ccontexto global de disputa\u201d no qual a Amaz\u00f4nia est\u00e1 inserida:<\/p>\n<p><i>\u00a0\u201cO Papa j\u00e1 havia denunciado em Puerto Maldonado, na Amaz\u00f4nia peruana, em janeiro de 2018, que a Amaz\u00f4nia \u00e9 um territ\u00f3rio em disputa, \u00e9 um territ\u00f3rio disputado por vis\u00f5es de mundo diferentes, por diferentes modos de ver a rela\u00e7\u00e3o com o ambiente. S\u00e3o modos diferentes de tratar com a economia. De um lado vemos os povos tradicionais, ind\u00edgenas, quilombolas, ribeirinhos que preservam o meio ambiente, at\u00e9 o enriquecem. Do outro lado, vemos o agroneg\u00f3cio, vemos as madeireiras, as mineradoras invadindo, poluindo o meio ambiente.\u201d<\/i><\/p>\n<h2>A posi\u00e7\u00e3o da Igreja<\/h2>\n<p>Na oportunidade, Dom Evaristo ressaltou o posicionamento da Igreja com a convoca\u00e7\u00e3o do S\u00ednodo dos Bispos sobre a Amaz\u00f4nia:<\/p>\n<div>\n<div class=\"article__embed article__embed--border embed_style\">\n<blockquote><p>\u201c De que lado n\u00f3s estamos neste momento? N\u00f3s estamos do lado dos fracos, assim agia Jesus. Jesus defendia os pobres, os vulner\u00e1veis, os fracos. A Igreja se compromete com os povos ind\u00edgenas, quilombolas, ribeirinhos e todos os povos vulner\u00e1veis da nossa Amaz\u00f4nia. \u201d<\/p><\/blockquote>\n<\/div>\n<\/div>\n<p>O bispo aproveitou para agradecer e refor\u00e7ar que \u201ca Igreja vai continuar a ser prof\u00e9tica, a denunciar o que deve ser denunciado, o que est\u00e1 contra os des\u00edgnios de Deus na terra\u201d. O bispo, ao entregar o documento, tamb\u00e9m solicitou o compromisso dos parlamentares em defesa da causa ind\u00edgena\u201d.<\/p>\n<p>O ato contou com a participa\u00e7\u00e3o da CNBB, da REPAM-Brasil, do Conselho Indigenista Mission\u00e1rio, das Pontif\u00edcias Obras Mission\u00e1rias, do Centro Cultural Mission\u00e1rio e da Confer\u00eancia dos Religiosos do Brasil e da Associa\u00e7\u00e3o Nacional de Educa\u00e7\u00e3o Cat\u00f3lica (Anec), al\u00e9m de entidades da sociedade civil, como o N\u00facleo de Estudos Amaz\u00f4nicos da Universidade de Bras\u00edlia e a Sociedade Maranhense de Direitos Humanos.<\/p>\n<h2>O jardim de Deus fica na Amaz\u00f4nia<\/h2>\n<p>Depois de deixar o plen\u00e1rio, o ind\u00edgena Junior Xukuru interpretou um canto tradicional em pleno Sal\u00e3o Verde da C\u00e2mara dos Deputados. O texto da m\u00fasica trata da liga\u00e7\u00e3o dos povos ind\u00edgenas com a terra com um refr\u00e3o que diz: \u201co jardim de Deus fica na Amaz\u00f4nia\u201d. Na conclus\u00e3o do ato, todos rezaram a ora\u00e7\u00e3o do Pai Nosso.<\/p>\n<\/div>\n<div class=\"article__embed article__embed--out article__embed--dark article__embed--photogallery\">\n<h2 class=\"assistive-text\"><img loading=\"lazy\" decoding=\"async\" class=\"alignleft size-full wp-image-53349\" src=\"http:\/\/catolicanet.net\/wp-cnet\/wp-content\/uploads\/cq5dam.thumbnail.cr50.422.jpeg\" alt=\"\" width=\"750\" height=\"422\" srcset=\"https:\/\/catolicanet.net\/wp-cnet\/wp-content\/uploads\/cq5dam.thumbnail.cr50.422.jpeg 750w, https:\/\/catolicanet.net\/wp-cnet\/wp-content\/uploads\/cq5dam.thumbnail.cr50.422-300x169.jpeg 300w, https:\/\/catolicanet.net\/wp-cnet\/wp-content\/uploads\/cq5dam.thumbnail.cr50.422-600x338.jpeg 600w, https:\/\/catolicanet.net\/wp-cnet\/wp-content\/uploads\/cq5dam.thumbnail.cr50.422-696x392.jpeg 696w, https:\/\/catolicanet.net\/wp-cnet\/wp-content\/uploads\/cq5dam.thumbnail.cr50.422-746x420.jpeg 746w\" sizes=\"auto, (max-width: 750px) 100vw, 750px\" \/><\/h2>\n<\/div>\n<p>Veja as imagens da delega\u00e7\u00e3o na C\u00e2mara<\/p>\n","protected":false},"excerpt":{"rendered":"<p>A data de conscientiza\u00e7\u00e3o e pela defesa da Amaz\u00f4nia \u00e9 comemorada nesta quinta-feira (5), mas foi na v\u00e9spera do Dia da Amaz\u00f4nia que uma delega\u00e7\u00e3o com representantes da Igreja esteve no plen\u00e1rio da C\u00e2mara dos Deputados. Dom Evaristo Spengler chegou a se pronunciar na tribuna do plen\u00e1rio: \u201cn\u00f3s estamos do lado dos fracos, como Jesus. [&hellip;]<\/p>\n","protected":false},"author":1,"featured_media":53348,"comment_status":"open","ping_status":"closed","sticky":false,"template":"","format":"standard","meta":{"footnotes":""},"categories":[3],"tags":[],"class_list":["post-53347","post","type-post","status-publish","format-standard","has-post-thumbnail","hentry","category-vaticano"],"_links":{"self":[{"href":"https:\/\/catolicanet.net\/wp-cnet\/wp-json\/wp\/v2\/posts\/53347","targetHints":{"allow":["GET"]}}],"collection":[{"href":"https:\/\/catolicanet.net\/wp-cnet\/wp-json\/wp\/v2\/posts"}],"about":[{"href":"https:\/\/catolicanet.net\/wp-cnet\/wp-json\/wp\/v2\/types\/post"}],"author":[{"embeddable":true,"href":"https:\/\/catolicanet.net\/wp-cnet\/wp-json\/wp\/v2\/users\/1"}],"replies":[{"embeddable":true,"href":"https:\/\/catolicanet.net\/wp-cnet\/wp-json\/wp\/v2\/comments?post=53347"}],"version-history":[{"count":1,"href":"https:\/\/catolicanet.net\/wp-cnet\/wp-json\/wp\/v2\/posts\/53347\/revisions"}],"predecessor-version":[{"id":53350,"href":"https:\/\/catolicanet.net\/wp-cnet\/wp-json\/wp\/v2\/posts\/53347\/revisions\/53350"}],"wp:featuredmedia":[{"embeddable":true,"href":"https:\/\/catolicanet.net\/wp-cnet\/wp-json\/wp\/v2\/media\/53348"}],"wp:attachment":[{"href":"https:\/\/catolicanet.net\/wp-cnet\/wp-json\/wp\/v2\/media?parent=53347"}],"wp:term":[{"taxonomy":"category","embeddable":true,"href":"https:\/\/catolicanet.net\/wp-cnet\/wp-json\/wp\/v2\/categories?post=53347"},{"taxonomy":"post_tag","embeddable":true,"href":"https:\/\/catolicanet.net\/wp-cnet\/wp-json\/wp\/v2\/tags?post=53347"}],"curies":[{"name":"wp","href":"https:\/\/api.w.org\/{rel}","templated":true}]}}