{"id":53340,"date":"2019-09-06T09:24:29","date_gmt":"2019-09-06T12:24:29","guid":{"rendered":"http:\/\/catolicanet.net\/wp-cnet\/?p=53340"},"modified":"2019-09-06T09:27:01","modified_gmt":"2019-09-06T12:27:01","slug":"53340-2","status":"publish","type":"post","link":"https:\/\/catolicanet.net\/wp-cnet\/53340-2\/","title":{"rendered":"Papa deixa Mo\u00e7ambique em dire\u00e7\u00e3o de Madagascar"},"content":{"rendered":"<h1 class=\"article__title\"><\/h1>\n<div class=\"article__subTitle\">O Papa deve chegar a Antananarivo por volta das 16h30, hora local. Milhares de pessoas aguardam Francisco pelas ruas da capital do pa\u00eds. O \u00faltimo abra\u00e7o aos mo\u00e7ambicanos.<\/div>\n<div class=\"title__separator\"><\/div>\n<div class=\"article__text\">\n<p><b>Silvonei Jos\u00e9 \u2013 Cidade do Vaticano<\/b><\/p>\n<p>O Papa Francisco j\u00e1 deixou Mo\u00e7ambique em dire\u00e7\u00e3o de Madagascar, pr\u00f3xima etapa da sua 31\u00aa Viagem Apost\u00f3lica Internacional que o levara ainda a Maur\u00edcio. O Papa deve chegar a Antananarivo por volta das 16h30, hora local. Milhares de pessoas aguardam Francisco pelas ruas da capital do pa\u00eds.<\/p>\n<p>Na sua despedida dos mo\u00e7ambicanos na final da Santa Missa no est\u00e1dio Zimpedo nesta manh\u00e3, o\u00a0 abra\u00e7o ideal do Santo Padre a todo o pa\u00eds:<\/p>\n<p>&#8220;Voc\u00eas tens muitas raz\u00f5es para esperar. Conservem a esperan\u00e7a e n\u00e3o a deixem roubar. Mantenham-se unidos para que todos os motivos que sustentam esta esperan\u00e7a se reforcem cada vez mais para um futuro de reconcilia\u00e7\u00e3o e de paz em Mo\u00e7ambique&#8221;.<\/p>\n<p>O Pont\u00edfice tamb\u00e9m dirigiu um pensamento \u00e0s popula\u00e7\u00f5es atingidas pela ciclones recentes: &#8220;Agrade\u00e7o \u00e0queles que n\u00e3o puderam participar por causa dos recentes ciclones. Senti o apoio de todos e digo-lhes: voc\u00eas t\u00eam muitas raz\u00f5es para esperar\u201d.<\/p>\n<h2>Madagascar<\/h2>\n<p>O arcebispo de Toamasina, cardeal D\u00e9sir\u00e9 Tsarahazana, em vista da chegada do Papa Francisco a Madagascar afirmou que \u201c\u00e9 uma alegria imensa acolher o Santo Padre em nosso pa\u00eds! O meu pa\u00eds, do qual muitos no mundo sequer conhecem a exist\u00eancia, finalmente se sente apreciado. Nosso Madagascar, por exemplo, encontra-se entre os pa\u00edses mais pobres do mundo, mas paradoxalmente \u00e9 muito rico. H\u00e1 produtos miner\u00e1rios, o mar \u00e9 rico de peixes, a natureza exuberante em todo lugar. Madagascar \u00e9 o maior produtor mundial de baunilha. Mas \u00e9 o capital humano que torna essa ilha extraordin\u00e1ria, \u00fanica no mundo.\u201d O lema da visita a Madagascar \u00e9 &#8220;Semeador de paz e de esperan\u00e7a&#8221;.<\/p>\n<p>Prevista uma cerim\u00f4nia de boas-vindas com a acolhida do Papa por parte do Presidente da Rep\u00fablica e sua esposa. Duas crian\u00e7as vestidas com trajes tradicionais oferecer\u00e3o flores a Francisco. N\u00e3o est\u00e3o previstos discursos. O Pont\u00edfice em seguida se transferir\u00e1 para a Nunciatura Apost\u00f3lica onde ser\u00e1 recebido por um coro de cinquenta jovens.<\/p>\n<\/div>\n","protected":false},"excerpt":{"rendered":"<p>O Papa deve chegar a Antananarivo por volta das 16h30, hora local. Milhares de pessoas aguardam Francisco pelas ruas da capital do pa\u00eds. O \u00faltimo abra\u00e7o aos mo\u00e7ambicanos. Silvonei Jos\u00e9 \u2013 Cidade do Vaticano O Papa Francisco j\u00e1 deixou Mo\u00e7ambique em dire\u00e7\u00e3o de Madagascar, pr\u00f3xima etapa da sua 31\u00aa Viagem Apost\u00f3lica Internacional que o levara [&hellip;]<\/p>\n","protected":false},"author":1,"featured_media":53341,"comment_status":"open","ping_status":"closed","sticky":false,"template":"","format":"standard","meta":{"footnotes":""},"categories":[13],"tags":[],"class_list":["post-53340","post","type-post","status-publish","format-standard","has-post-thumbnail","hentry","category-featured"],"_links":{"self":[{"href":"https:\/\/catolicanet.net\/wp-cnet\/wp-json\/wp\/v2\/posts\/53340","targetHints":{"allow":["GET"]}}],"collection":[{"href":"https:\/\/catolicanet.net\/wp-cnet\/wp-json\/wp\/v2\/posts"}],"about":[{"href":"https:\/\/catolicanet.net\/wp-cnet\/wp-json\/wp\/v2\/types\/post"}],"author":[{"embeddable":true,"href":"https:\/\/catolicanet.net\/wp-cnet\/wp-json\/wp\/v2\/users\/1"}],"replies":[{"embeddable":true,"href":"https:\/\/catolicanet.net\/wp-cnet\/wp-json\/wp\/v2\/comments?post=53340"}],"version-history":[{"count":2,"href":"https:\/\/catolicanet.net\/wp-cnet\/wp-json\/wp\/v2\/posts\/53340\/revisions"}],"predecessor-version":[{"id":53343,"href":"https:\/\/catolicanet.net\/wp-cnet\/wp-json\/wp\/v2\/posts\/53340\/revisions\/53343"}],"wp:featuredmedia":[{"embeddable":true,"href":"https:\/\/catolicanet.net\/wp-cnet\/wp-json\/wp\/v2\/media\/53341"}],"wp:attachment":[{"href":"https:\/\/catolicanet.net\/wp-cnet\/wp-json\/wp\/v2\/media?parent=53340"}],"wp:term":[{"taxonomy":"category","embeddable":true,"href":"https:\/\/catolicanet.net\/wp-cnet\/wp-json\/wp\/v2\/categories?post=53340"},{"taxonomy":"post_tag","embeddable":true,"href":"https:\/\/catolicanet.net\/wp-cnet\/wp-json\/wp\/v2\/tags?post=53340"}],"curies":[{"name":"wp","href":"https:\/\/api.w.org\/{rel}","templated":true}]}}