{"id":53333,"date":"2019-09-05T13:10:53","date_gmt":"2019-09-05T16:10:53","guid":{"rendered":"http:\/\/catolicanet.net\/wp-cnet\/?p=53333"},"modified":"2019-09-05T13:10:54","modified_gmt":"2019-09-05T16:10:54","slug":"francisco-indica-como-exemplo-aos-jovens-dois-atletas-mocambicanos","status":"publish","type":"post","link":"https:\/\/catolicanet.net\/wp-cnet\/francisco-indica-como-exemplo-aos-jovens-dois-atletas-mocambicanos\/","title":{"rendered":"Francisco indica como exemplo aos jovens dois atletas mo\u00e7ambicanos"},"content":{"rendered":"<p><iframe loading=\"lazy\" width=\"696\" height=\"392\" src=\"https:\/\/www.youtube.com\/embed\/1LWmWGQh-3M?feature=oembed\" frameborder=\"0\" allow=\"accelerometer; autoplay; encrypted-media; gyroscope; picture-in-picture\" allowfullscreen><\/iframe><\/p>\n<div class=\"article__subTitle\">Falando em Maputo durante o encontro inter-religioso com jovens mo\u00e7ambicanos, Francisco indicou como exemplo de coragem e de esperan\u00e7a dois famosos atletas mo\u00e7ambicanos: Eus\u00e9bio da Silva e Maria Mutola<\/div>\n<div class=\"title__separator\"><\/div>\n<div class=\"article__text\">\n<p><b>Cidade do Vaticano<\/b><\/p>\n<p>Durante o encontro inter-religioso com os jovens mo\u00e7ambicanos, Francisco deu dois exemplos de coragem e esperan\u00e7a, o famoso jogador de futebol Eus\u00e9bio da Silva e a campe\u00e3 ol\u00edmpica de atletismo Maria Mutola os quais, apesar das dificuldades da vida, nunca deixaram de acreditar nos sonhos. \u201cN\u00e3o tenham medo de errar! \u2026 mas n\u00e3o caiam no erro de parar\u201d, disse Francisco ao seu jovem e alegre p\u00fablico.<\/p>\n<h2><b>O jogador Eus\u00e9bio da Silva Ferreira<\/b><\/h2>\n<p>Eus\u00e9bio teve uma brilhante carreira no Benfica de Lisboa, onde permaneceu por 15 temporadas, de 1960 a 1975. Conhecido como \u201cPantera Negra\u201d \u00e9 conhecido como uma dos dez melhores jogadores do s\u00e9culo XX. Nascido em Maputo de uma fam\u00edlia pobre, Eus\u00e9bio nunca renunciou ao seu sonho de ser jogador. Em Portugal, Eus\u00e9bio \u00e9 uma lenda e mora no cora\u00e7\u00e3o dos portugueses e mo\u00e7ambicanos pela sua simplicidade, fair play e esp\u00edrito de equipe. Eus\u00e9bio faleceu em 5 de janeiro de 2014 aos 71 anos.<\/p>\n<h2><b>A atleta Maria de Lurdes Mutola<\/b><\/h2>\n<p>\u00c9 a primeira atleta mo\u00e7ambicana a conquistar uma medalha ol\u00edmpica, uma medalha de ouro pela qual lutou anos e anos e que coroou seus esfor\u00e7os depois de tr\u00eas derrotas nos Jogos precedentes. Na sua carreira Maria venceu 20 medalhas de ouro, das quais 3 nos Campeonatos Mundial de Atletismo. Depois de 20 anos como atleta, Maria criou uma funda\u00e7\u00e3o em Mo\u00e7ambique, para ajudar os pobres.<\/p>\n<p>A \u201cFudan\u00e7\u00e3o Lurdes Mutola\u201d tem como miss\u00e3o o desenvolvimento profissional, social, intelectual e f\u00edsico dos jovens, dando bases para seu futuro. Mas n\u00e3o \u00e9 tudo. A Funda\u00e7\u00e3o sustenta in\u00fameras iniciativas sociais, entre as quais a favor das pessoas com defici\u00eancias, doentes, ou v\u00edtimas das 500.000 minas antipessoais espalhadas pelo territ\u00f3rio mo\u00e7ambicano durante a luta pela independ\u00eancia e a guerra civil.<\/p>\n<\/div>\n","protected":false},"excerpt":{"rendered":"<p>Falando em Maputo durante o encontro inter-religioso com jovens mo\u00e7ambicanos, Francisco indicou como exemplo de coragem e de esperan\u00e7a dois famosos atletas mo\u00e7ambicanos: Eus\u00e9bio da Silva e Maria Mutola Cidade do Vaticano Durante o encontro inter-religioso com os jovens mo\u00e7ambicanos, Francisco deu dois exemplos de coragem e esperan\u00e7a, o famoso jogador de futebol Eus\u00e9bio da [&hellip;]<\/p>\n","protected":false},"author":1,"featured_media":53334,"comment_status":"open","ping_status":"closed","sticky":false,"template":"","format":"standard","meta":{"footnotes":""},"categories":[3],"tags":[],"class_list":["post-53333","post","type-post","status-publish","format-standard","has-post-thumbnail","hentry","category-vaticano"],"_links":{"self":[{"href":"https:\/\/catolicanet.net\/wp-cnet\/wp-json\/wp\/v2\/posts\/53333","targetHints":{"allow":["GET"]}}],"collection":[{"href":"https:\/\/catolicanet.net\/wp-cnet\/wp-json\/wp\/v2\/posts"}],"about":[{"href":"https:\/\/catolicanet.net\/wp-cnet\/wp-json\/wp\/v2\/types\/post"}],"author":[{"embeddable":true,"href":"https:\/\/catolicanet.net\/wp-cnet\/wp-json\/wp\/v2\/users\/1"}],"replies":[{"embeddable":true,"href":"https:\/\/catolicanet.net\/wp-cnet\/wp-json\/wp\/v2\/comments?post=53333"}],"version-history":[{"count":1,"href":"https:\/\/catolicanet.net\/wp-cnet\/wp-json\/wp\/v2\/posts\/53333\/revisions"}],"predecessor-version":[{"id":53335,"href":"https:\/\/catolicanet.net\/wp-cnet\/wp-json\/wp\/v2\/posts\/53333\/revisions\/53335"}],"wp:featuredmedia":[{"embeddable":true,"href":"https:\/\/catolicanet.net\/wp-cnet\/wp-json\/wp\/v2\/media\/53334"}],"wp:attachment":[{"href":"https:\/\/catolicanet.net\/wp-cnet\/wp-json\/wp\/v2\/media?parent=53333"}],"wp:term":[{"taxonomy":"category","embeddable":true,"href":"https:\/\/catolicanet.net\/wp-cnet\/wp-json\/wp\/v2\/categories?post=53333"},{"taxonomy":"post_tag","embeddable":true,"href":"https:\/\/catolicanet.net\/wp-cnet\/wp-json\/wp\/v2\/tags?post=53333"}],"curies":[{"name":"wp","href":"https:\/\/api.w.org\/{rel}","templated":true}]}}