{"id":53318,"date":"2019-09-05T11:11:36","date_gmt":"2019-09-05T14:11:36","guid":{"rendered":"http:\/\/catolicanet.net\/wp-cnet\/?p=53318"},"modified":"2019-09-05T11:11:36","modified_gmt":"2019-09-05T14:11:36","slug":"pesar-do-papa-pela-morte-dos-cardeais-pimiento-e-etchegaray","status":"publish","type":"post","link":"https:\/\/catolicanet.net\/wp-cnet\/pesar-do-papa-pela-morte-dos-cardeais-pimiento-e-etchegaray\/","title":{"rendered":"Pesar do Papa pela morte dos cardeais Pimiento e Etchegaray"},"content":{"rendered":"<div class=\"article__subTitle\">O Papa Francisco enviou telegramas de pesar pela morte dos cardeais Jos\u00e9 de Jes\u00fas Pimiento Rodr\u00edguez, arcebispo em\u00e9rito da Arquidiocese de Manizales (Col\u00f4mbia) e do cardeal Roger Etchegaray ex-presidente do Pontif\u00edcio Conselho Justi\u00e7a e Paz e do Pontif\u00edcio Conselho Cor Unum<\/div>\n<div class=\"title__separator\"><\/div>\n<div class=\"article__text\">\n<p><b>Cidade do Vaticano<\/b><\/p>\n<p>Depois da morte do cardeal Jos\u00e9 de Jes\u00fas Pimiento Rodr\u00edguez, arcebispo em\u00e9rito da Arquidiocese de Manizales (Col\u00f4mbia) no dia 3 de setembro aos 100 anos, e\u00a0do cardeal Roger Etchegaray, da Arquidiocese de Bayonne que faleceu no dia 5 de setembro aos 96 anos, o Papa Francisco enviou telegramas de pesar aos familiares e \u00e0s dioceses dos dois idosos cardeais que serviram \u00e0 Igreja.<\/p>\n<div>\n<div class=\"article__embed article__embed--unwrap article__embed--dark\">\n<div class=\"article__innerTitle\">Ou\u00e7a e compartilhe!<\/div>\n<audio class=\"wp-audio-shortcode\" id=\"audio-53318-1\" preload=\"none\" style=\"width: 100%;\" controls=\"controls\"><source type=\"audio\/mpeg\" src=\"https:\/\/media.vaticannews.va\/media\/audio\/s1\/2019\/09\/05\/13\/135205400_F135205400.mp3?_=1\" \/><a href=\"https:\/\/media.vaticannews.va\/media\/audio\/s1\/2019\/09\/05\/13\/135205400_F135205400.mp3\">https:\/\/media.vaticannews.va\/media\/audio\/s1\/2019\/09\/05\/13\/135205400_F135205400.mp3<\/a><\/audio>\n<\/div>\n<\/div>\n<h2><b>Pimiento: centen\u00e1rio pastor que entregou sua vida \u00e0 Igreja<\/b><\/h2>\n<p>No telegrama pela morte do cardeal Pimiento Rodr\u00edguez, o Papa manifesta \u201csentimento de pesar\u201d e pede para que \u201cseja transmitido aos seus familiares e \u00e0 sua diocese\u201d. Depois o Santo Padre destaca que \u201ceste centen\u00e1rio pastor entregou sua vida a Deus e \u00e0 Igreja trabalhando com coragem pela paz e pelo bem comum.<\/p>\n<p>Dom Jes\u00fas nasceu em Zapatoca (Santander), tendo recebido em 14 de fevereiro de 2015 a investidura da ins\u00edgnia de cardeal das m\u00e3os do cardeal Rub\u00e9n Salazar G\u00f3mez.<\/p>\n<p>Ele destacou-se pela sua contribui\u00e7\u00e3o para a paz no pa\u00eds do ponto de vista acad\u00eamico e com a\u00e7\u00f5es de conscientiza\u00e7\u00e3o para o bem-estar comum e o desenvolvimento.<\/p>\n<h2><b>Etchegaray: homem de profunda f\u00e9<\/b><\/h2>\n<p>Pela morte do cardeal Roger Etchegaray, o Santo Padre enviou o telegrama ao bispo de Bayonne, Lescar et Oloron,\u00a0Dom Marc Aillet exprimindo \u201ccondol\u00eancias pela morte do cardeal\u201d. O cardeal Etchegaray, escreveu o Papa \u201cmarcou profundamente a vida da Igreja na Fran\u00e7a e da Igreja universal\u201d. O Papa recordou seu percurso desde a diocese de origem Bayonne at\u00e9 a presid\u00eancia dos Pontif\u00edcio Conselho Justi\u00e7a e Paz e do Pontif\u00edcio Conselho Cor Unum.<\/p>\n<p>Francisco recordou que era \u201cum conselheiro muito respeitado, particularmente nas delicadas situa\u00e7\u00f5es que enfrentou na vida da Igreja em v\u00e1rias partes do mundo\u201d. &#8220;Recordo-o como um homem de profunda f\u00e9 sempre com o olhar\u00a0 dirigido aos extremos confins da terra, sempre atento quando se tratava de anunciar o Evangelho aos homens de hoje\u201d.<\/p>\n<p>Nascido em 1922 em Espelette, localidade francesa da regi\u00e3o da Aquit\u00e2nia, junto \u00e0 fronteira com a Espanha, foi ordenado sacerdote em 13 de julho de 1947, na Par\u00f3quia de Bayonne. Foi nomeado bispo-titular de Gemellae in Numidia e bispo-auxiliar de Paris, em 1969.<\/p>\n<p>Em 1970 foi elevado a arcebispo de Marselha e em 1975 nomeado Prelado da Miss\u00e3o da Fran\u00e7a em Pontigny, ligado \u00e0 arquidiocese de Dijon. Em 1979 foi criado cardeal e feito cardeal-presb\u00edtero da S\u00e9 titular de S\u00e3o Le\u00e3o I.<\/p>\n<p>Em 1984 foi nomeado pelo Papa Jo\u00e3o Paulo II presidente do Pontif\u00edcio Conselho Justi\u00e7a e Paz e do Pontif\u00edcio Conselho Cor Unum. Em 1995 deixou o Pontif\u00edcio Conselho Cor Unum e, tr\u00eas anos mais tarde, o Pontif\u00edcio Conselho Justi\u00e7a e Paz, e foi feito cardeal-bispo de Porto-Santa Rufina. Em 2005, foi confirmado como vice-decano do Col\u00e9gio de Cardeais.<\/p>\n<p>Com a morte dos dois cardeais, o Col\u00e9gio Cardinal\u00edcio \u00e9 formado agora por 213 cardeais, dos quais 118 eleitores e 95 n\u00e3o eleitores.<\/p>\n<p>&nbsp;<\/p>\n<\/div>\n","protected":false},"excerpt":{"rendered":"<p>O Papa Francisco enviou telegramas de pesar pela morte dos cardeais Jos\u00e9 de Jes\u00fas Pimiento Rodr\u00edguez, arcebispo em\u00e9rito da Arquidiocese de Manizales (Col\u00f4mbia) e do cardeal Roger Etchegaray ex-presidente do Pontif\u00edcio Conselho Justi\u00e7a e Paz e do Pontif\u00edcio Conselho Cor Unum Cidade do Vaticano Depois da morte do cardeal Jos\u00e9 de Jes\u00fas Pimiento Rodr\u00edguez, arcebispo [&hellip;]<\/p>\n","protected":false},"author":1,"featured_media":53319,"comment_status":"open","ping_status":"closed","sticky":false,"template":"","format":"standard","meta":{"footnotes":""},"categories":[3],"tags":[],"class_list":["post-53318","post","type-post","status-publish","format-standard","has-post-thumbnail","hentry","category-vaticano"],"_links":{"self":[{"href":"https:\/\/catolicanet.net\/wp-cnet\/wp-json\/wp\/v2\/posts\/53318","targetHints":{"allow":["GET"]}}],"collection":[{"href":"https:\/\/catolicanet.net\/wp-cnet\/wp-json\/wp\/v2\/posts"}],"about":[{"href":"https:\/\/catolicanet.net\/wp-cnet\/wp-json\/wp\/v2\/types\/post"}],"author":[{"embeddable":true,"href":"https:\/\/catolicanet.net\/wp-cnet\/wp-json\/wp\/v2\/users\/1"}],"replies":[{"embeddable":true,"href":"https:\/\/catolicanet.net\/wp-cnet\/wp-json\/wp\/v2\/comments?post=53318"}],"version-history":[{"count":1,"href":"https:\/\/catolicanet.net\/wp-cnet\/wp-json\/wp\/v2\/posts\/53318\/revisions"}],"predecessor-version":[{"id":53320,"href":"https:\/\/catolicanet.net\/wp-cnet\/wp-json\/wp\/v2\/posts\/53318\/revisions\/53320"}],"wp:featuredmedia":[{"embeddable":true,"href":"https:\/\/catolicanet.net\/wp-cnet\/wp-json\/wp\/v2\/media\/53319"}],"wp:attachment":[{"href":"https:\/\/catolicanet.net\/wp-cnet\/wp-json\/wp\/v2\/media?parent=53318"}],"wp:term":[{"taxonomy":"category","embeddable":true,"href":"https:\/\/catolicanet.net\/wp-cnet\/wp-json\/wp\/v2\/categories?post=53318"},{"taxonomy":"post_tag","embeddable":true,"href":"https:\/\/catolicanet.net\/wp-cnet\/wp-json\/wp\/v2\/tags?post=53318"}],"curies":[{"name":"wp","href":"https:\/\/api.w.org\/{rel}","templated":true}]}}