{"id":5331,"date":"2014-11-14T16:42:19","date_gmt":"2014-11-14T18:42:19","guid":{"rendered":"http:\/\/catolicanet.net\/wp-cnet\/como-se-aprende-a-amar\/"},"modified":"2017-04-06T16:43:29","modified_gmt":"2017-04-06T19:43:29","slug":"como-se-aprende-a-amar","status":"publish","type":"post","link":"https:\/\/catolicanet.net\/wp-cnet\/como-se-aprende-a-amar\/","title":{"rendered":"Como se aprende a amar?"},"content":{"rendered":"<p style=\"text-align: center;\"><img decoding=\"async\" src=\"http:\/\/catolicanet.com.br\/images\/stories\/geral\/amor.jpg\" border=\"0\" \/><\/p>\n<p style=\"text-align: center;\"><strong>O amor n\u00e3o alimenta feridas com pensamentos dolorosos, n\u00e3o cultiva ofensas com lamentos e <br \/>Voc\u00ea sabe amar?<br \/> <\/strong><br \/>Eu estou aprendendo.<br \/>Estou aprendendo a aceitar as pessoas,<br \/>inclusive quando elas me decepcionam;<br \/>quando fogem do ideal que tenho para elas.;<br \/>quando me ferem com palavras ou a\u00e7\u00f5es impensadas.<\/p>\n<p>\u00c9 dif\u00edcil aceitar as pessoas como elas s\u00e3o<br \/>e n\u00e3o como eu gostaria que fossem.<br \/>\u00c9 dif\u00edcil, muito dif\u00edcil,<br \/>mas estou aprendendo.<\/p>\n<p>Estou aprendendo a amar,<br \/>estou aprendendo a escutar,<br \/>escutar com os ouvidos e com os olhos,<br \/>escutar com a alma.<\/p>\n<p>Escutar o que diz o cora\u00e7\u00e3o,<br \/>os ombros ca\u00eddos,<br \/>os olhos,<br \/>as m\u00e3os inquietas.<\/p>\n<p>Escutar a mensagem que se esconde<br \/>entre as palavras superficiais.<\/p>\n<p>Descobrir a ang\u00fastia disfar\u00e7ada,<br \/>a inseguran\u00e7a mascarada,<br \/>a solid\u00e3o encoberta.<\/p>\n<p>Penetrar o sorriso fingido,<br \/>a alegria dissimulada,<br \/>a vangl\u00f3ria exagerada.<\/p>\n<p>Descobrir<br \/>a dor<br \/>de cada cora\u00e7\u00e3o.<\/p>\n<p>Pouco a pouco,<br \/>estou aprendendo a amar.<br \/>Estou aprendendo a perdoar.<\/p>\n<p>Porque o amor perdoa,<br \/>joga fora as tristezas e cura as cicatrizes<br \/>que a incompreens\u00e3o e a insensibilidade<br \/>gravaram no cora\u00e7\u00e3o ferido.<\/p>\n<p>O amor n\u00e3o alimenta feridas<br \/>com pensamentos dolorosos,<br \/>n\u00e3o cultiva ofensas<br \/>com lamentos e autocompaix\u00e3o.<\/p>\n<p>O amor perdoa, esquece,<br \/>extingue todos os tra\u00e7os de dor no cora\u00e7\u00e3o.<\/p>\n<p>Passo a passo,<br \/>estou aprendendo a perdoar, a amar,<br \/>estou aprendendo a descobrir o valor<br \/>que se encontra dentro de cada vida,<br \/>de todas as vidas.<\/p>\n<p>Estou aprendendo a ver<br \/>nas pessoas suas almas<br \/>e as possibilidades que Deus lhes d\u00e1.<\/p>\n<p>Estou aprendendo, mas<br \/>qu\u00e3o lenta \u00e9 a aprendizagem!<\/p>\n<p>Que dif\u00edcil \u00e9 amar<br \/>incondicionalmente!<\/p>\n<p>Mesmo trope\u00e7ando,<br \/>cometendo erros,<br \/>estou aprendendo&#8230;<\/p>\n<p style=\"text-align: center;\">\u00a0<\/p>\n<p style=\"text-align: justify;\">Fonte: Aleteia<\/p>\n","protected":false},"excerpt":{"rendered":"<p>O amor n\u00e3o alimenta feridas com pensamentos dolorosos, n\u00e3o cultiva ofensas com lamentos e Voc\u00ea sabe amar? Eu estou aprendendo.Estou aprendendo a aceitar as pessoas,inclusive quando elas me decepcionam;quando fogem do ideal que tenho para elas.;quando me ferem com palavras ou a\u00e7\u00f5es impensadas. \u00c9 dif\u00edcil aceitar as pessoas como elas s\u00e3oe n\u00e3o como eu gostaria [&hellip;]<\/p>\n","protected":false},"author":1,"featured_media":0,"comment_status":"closed","ping_status":"closed","sticky":false,"template":"","format":"standard","meta":{"footnotes":""},"categories":[4],"tags":[],"class_list":["post-5331","post","type-post","status-publish","format-standard","hentry","category-cotidiano"],"_links":{"self":[{"href":"https:\/\/catolicanet.net\/wp-cnet\/wp-json\/wp\/v2\/posts\/5331","targetHints":{"allow":["GET"]}}],"collection":[{"href":"https:\/\/catolicanet.net\/wp-cnet\/wp-json\/wp\/v2\/posts"}],"about":[{"href":"https:\/\/catolicanet.net\/wp-cnet\/wp-json\/wp\/v2\/types\/post"}],"author":[{"embeddable":true,"href":"https:\/\/catolicanet.net\/wp-cnet\/wp-json\/wp\/v2\/users\/1"}],"replies":[{"embeddable":true,"href":"https:\/\/catolicanet.net\/wp-cnet\/wp-json\/wp\/v2\/comments?post=5331"}],"version-history":[{"count":1,"href":"https:\/\/catolicanet.net\/wp-cnet\/wp-json\/wp\/v2\/posts\/5331\/revisions"}],"predecessor-version":[{"id":10197,"href":"https:\/\/catolicanet.net\/wp-cnet\/wp-json\/wp\/v2\/posts\/5331\/revisions\/10197"}],"wp:attachment":[{"href":"https:\/\/catolicanet.net\/wp-cnet\/wp-json\/wp\/v2\/media?parent=5331"}],"wp:term":[{"taxonomy":"category","embeddable":true,"href":"https:\/\/catolicanet.net\/wp-cnet\/wp-json\/wp\/v2\/categories?post=5331"},{"taxonomy":"post_tag","embeddable":true,"href":"https:\/\/catolicanet.net\/wp-cnet\/wp-json\/wp\/v2\/tags?post=5331"}],"curies":[{"name":"wp","href":"https:\/\/api.w.org\/{rel}","templated":true}]}}