{"id":53301,"date":"2019-09-05T09:40:15","date_gmt":"2019-09-05T12:40:15","guid":{"rendered":"http:\/\/catolicanet.net\/wp-cnet\/?p=53301"},"modified":"2019-09-05T09:40:15","modified_gmt":"2019-09-05T12:40:15","slug":"mocambique-papa-envia-mensagem-as-vitimas-dos-ciclones-idai-e-kenneth","status":"publish","type":"post","link":"https:\/\/catolicanet.net\/wp-cnet\/mocambique-papa-envia-mensagem-as-vitimas-dos-ciclones-idai-e-kenneth\/","title":{"rendered":"Mo\u00e7ambique: Papa envia mensagem \u00e0s v\u00edtimas dos ciclones Idai e Kenneth"},"content":{"rendered":"<p><em>Francisco apela ao apoio da comunidade internacional para a \u00abnecess\u00e1ria reconstru\u00e7\u00e3o\u00bb<\/em><\/p>\n<p>O Papa Francisco evocou hoje as v\u00edtimas dos ciclones Idai e Kenneth, no seu primeiro discurso em Mo\u00e7ambique, apelando ao apoio da comunidade internacional para a \u201cnecess\u00e1ria reconstru\u00e7\u00e3o\u201d das regi\u00f5es afetadas.<\/p>\n<p>\u201cQuero que as minhas primeiras palavras de proximidade e solidariedade sejam dirigidas a todos aqueles sobre quem se abateram recentemente os ciclones Idai e Kenneth, cujas devastadoras consequ\u00eancias continuam a pesar sobre tantas fam\u00edlias, principalmente nos lugares onde ainda n\u00e3o foi poss\u00edvel a reconstru\u00e7\u00e3o, requerendo esta especial aten\u00e7\u00e3o\u201d, disse, no Pal\u00e1cio Ponta Vermelha, durante um encontro com representantes pol\u00edticos, da sociedade civil e do corpo diplom\u00e1tico.<\/p>\n<p>Em mar\u00e7o deste ano, o Idai vitimou 600 pessoas e afetou mais de 1,5 milh\u00f5es de pessoas, sobretudo na regi\u00e3o da Beira; semanas depois, o mesmo territ\u00f3rio foi atingido pelo Kenneth.<\/p>\n<p>\u201cInfelizmente, n\u00e3o poderei ir pessoalmente at\u00e9 junto de v\u00f3s, mas quero que saibais que partilho a vossa ang\u00fastia, sofrimento e tamb\u00e9m o compromisso da comunidade cat\u00f3lica para fazer frente a t\u00e3o dura situa\u00e7\u00e3o\u201d, referiu Francisco, cuja estadia de tr\u00eas dias em Mo\u00e7ambique se centra em Maputo.<\/p>\n<p>\u201cNo meio da cat\u00e1strofe e da desola\u00e7\u00e3o, pe\u00e7o \u00e0 Provid\u00eancia que n\u00e3o falte a solicitude de todos os atores civis e sociais que, pondo a pessoa no centro, sejam capazes de promover a necess\u00e1ria reconstru\u00e7\u00e3o\u201d, acrescentou.<\/p>\n<p>Ap\u00f3s ter chegado a Mo\u00e7ambique ao final da tarde desta quarta-feira, o Papa manifestou a sua alegria por se encontrar novamente na \u00c1frica, elogiando um pa\u00eds \u201ct\u00e3o aben\u00e7oado pela sua beleza natural como pela sua grande riqueza cultural que traz, \u00e0 provada alegria de viver do vosso povo, a esperan\u00e7a num futuro melhor\u201d.<\/p>\n<p>A interven\u00e7\u00e3o deixou preocupa\u00e7\u00f5es ecol\u00f3gicas, sustentando que \u201ca defesa da terra \u00e9 tamb\u00e9m a defesa da vida\u201d.<\/p>\n<p>Francisco denunciou a \u201cpilhagem e espolia\u00e7\u00e3o\u201d de recursos naturais, ao servi\u00e7o de interesses estranhos \u00e0 popula\u00e7\u00e3o mo\u00e7ambicana.<\/p>\n<p>\u201cUma cultura de paz implica um desenvolvimento produtivo, sustent\u00e1vel e inclusivo, onde cada mo\u00e7ambicano possa sentir que este pa\u00eds \u00e9 seu, e no qual possa estabelecer rela\u00e7\u00f5es de fraternidade e equidade com o seu vizinho e com tudo o que o rodeia\u201d, defendeu.<\/p>\n<p>Na sua sauda\u00e7\u00e3o, o Papa deixou votos de um \u201crenovado futuro de paz e reconcilia\u00e7\u00e3o\u201d para o pa\u00eds lus\u00f3fono.<\/p>\n<p>A quarta viagem de Francisco ao continente africano prossegue at\u00e9 ao dia 10 de setembro, com passagens por Madag\u00e1scar e a Maur\u00edcia.<\/p>\n","protected":false},"excerpt":{"rendered":"<p>Francisco apela ao apoio da comunidade internacional para a \u00abnecess\u00e1ria reconstru\u00e7\u00e3o\u00bb O Papa Francisco evocou hoje as v\u00edtimas dos ciclones Idai e Kenneth, no seu primeiro discurso em Mo\u00e7ambique, apelando ao apoio da comunidade internacional para a \u201cnecess\u00e1ria reconstru\u00e7\u00e3o\u201d das regi\u00f5es afetadas. \u201cQuero que as minhas primeiras palavras de proximidade e solidariedade sejam dirigidas a [&hellip;]<\/p>\n","protected":false},"author":1,"featured_media":53302,"comment_status":"open","ping_status":"closed","sticky":false,"template":"","format":"standard","meta":{"footnotes":""},"categories":[13],"tags":[],"class_list":["post-53301","post","type-post","status-publish","format-standard","has-post-thumbnail","hentry","category-featured"],"_links":{"self":[{"href":"https:\/\/catolicanet.net\/wp-cnet\/wp-json\/wp\/v2\/posts\/53301","targetHints":{"allow":["GET"]}}],"collection":[{"href":"https:\/\/catolicanet.net\/wp-cnet\/wp-json\/wp\/v2\/posts"}],"about":[{"href":"https:\/\/catolicanet.net\/wp-cnet\/wp-json\/wp\/v2\/types\/post"}],"author":[{"embeddable":true,"href":"https:\/\/catolicanet.net\/wp-cnet\/wp-json\/wp\/v2\/users\/1"}],"replies":[{"embeddable":true,"href":"https:\/\/catolicanet.net\/wp-cnet\/wp-json\/wp\/v2\/comments?post=53301"}],"version-history":[{"count":1,"href":"https:\/\/catolicanet.net\/wp-cnet\/wp-json\/wp\/v2\/posts\/53301\/revisions"}],"predecessor-version":[{"id":53303,"href":"https:\/\/catolicanet.net\/wp-cnet\/wp-json\/wp\/v2\/posts\/53301\/revisions\/53303"}],"wp:featuredmedia":[{"embeddable":true,"href":"https:\/\/catolicanet.net\/wp-cnet\/wp-json\/wp\/v2\/media\/53302"}],"wp:attachment":[{"href":"https:\/\/catolicanet.net\/wp-cnet\/wp-json\/wp\/v2\/media?parent=53301"}],"wp:term":[{"taxonomy":"category","embeddable":true,"href":"https:\/\/catolicanet.net\/wp-cnet\/wp-json\/wp\/v2\/categories?post=53301"},{"taxonomy":"post_tag","embeddable":true,"href":"https:\/\/catolicanet.net\/wp-cnet\/wp-json\/wp\/v2\/tags?post=53301"}],"curies":[{"name":"wp","href":"https:\/\/api.w.org\/{rel}","templated":true}]}}