{"id":5330,"date":"2014-11-14T16:32:09","date_gmt":"2014-11-14T18:32:09","guid":{"rendered":"http:\/\/catolicanet.net\/wp-cnet\/coalizao-lanca-manifesto-e-inicia-nova-etapa-da-campanha\/"},"modified":"2017-04-06T16:43:10","modified_gmt":"2017-04-06T19:43:10","slug":"coalizao-lanca-manifesto-e-inicia-nova-etapa-da-campanha","status":"publish","type":"post","link":"https:\/\/catolicanet.net\/wp-cnet\/coalizao-lanca-manifesto-e-inicia-nova-etapa-da-campanha\/","title":{"rendered":"Coaliz\u00e3o lan\u00e7a manifesto e inicia nova etapa da campanha"},"content":{"rendered":"<p style=\"text-align: justify;\"><img decoding=\"async\" src=\"http:\/\/catolicanet.com.br\/images\/stories\/geral\/coalizaodemocratica.jpg\" border=\"0\" align=\"left\" \/>Entidades que participam da Coaliz\u00e3o pela Reforma Pol\u00edtica Democr\u00e1tica e Elei\u00e7\u00f5es Limpas divulgaram, no dia 13 de novembro, &#8220;Manifesto Reforma Pol\u00edtica Democr\u00e1tica J\u00e1!&#8221;. <\/p>\n<p>A Coaliz\u00e3o \u00e9 composta por mais de cem entidades e movimentos sociais, representativos de diversos segmentos da sociedade civil. O Projeto de Iniciativa Popular pede o fim da influ\u00eancia do poder econ\u00f4mico nas elei\u00e7\u00f5es e barateamento das campanhas eleitorais, al\u00e9m da extin\u00e7\u00e3o do financiamento de campanha por empresas e ado\u00e7\u00e3o do financiamento democr\u00e1tico de campanha.<\/p>\n<p>A nova etapa da Campanha pela Reforma Pol\u00edtica Democr\u00e1tica e Elei\u00e7\u00f5es Limpas foi discutida durante reuni\u00e3o, ocorrida na sede da CNBB, em Bras\u00edlia (DF), no dia 7 de novembro. Esta nova fase\u00a0 prev\u00ea esfor\u00e7os ainda maiores em vista da realiza\u00e7\u00e3o de debates e atos p\u00fablicos sobre o Projeto, al\u00e9m da coleta de 1 milh\u00e3o e 500 mil assinaturas. Entre os objetivos est\u00e3o previstas a amplia\u00e7\u00e3o do n\u00famero de entidades e movimentos sociais em apoio \u00e0 Coaliz\u00e3o,\u00a0 a integra\u00e7\u00e3o de lideran\u00e7as intelectuais, pol\u00edticas, artistas, e a unifica\u00e7\u00e3o dos setores populares na luta pela Reforma Pol\u00edtica Democr\u00e1tica.<\/p>\n<p>Novas etapas<\/p>\n<p>No Manifesto, as entidades convocam os brasileiros para a coleta de assinaturas que ser\u00e3o entregues ao Congresso Nacional, a exemplo do Ficha Limpa. Orienta, e para realiza\u00e7\u00e3o de debates sobre o projeto nas universidades, escolas, igrejas, sindicatos e outras entidades do movimento social.<\/p>\n<p>\u201cNesta tarefa queremos estar juntos com outros movimentos que tamb\u00e9m t\u00eam o mesmo objetivo de alcan\u00e7ar uma reforma pol\u00edtica democr\u00e1tica, ainda que empregando estrat\u00e9gias pr\u00f3prias, mas sempre nutrindo a convic\u00e7\u00e3o de que a vit\u00f3ria depende de mobiliza\u00e7\u00e3o e participa\u00e7\u00e3o popular\u201d, expressaram as entidades.<\/p>\n<p>A nova etapa da Campanha pela Reforma Pol\u00edtica acontecer\u00e1 em tr\u00eas fases. Nos meses de novembro e dezembro, est\u00e3o agendados atos e debates nas seguintes capitais:\u00a0 Campo Grande, Rio de Janeiro, Porto Alegre, Recife, Fortaleza, S\u00e3o Luiz, Natal, e Bel\u00e9m. No dia 28 de novembro, em Fortaleza, ter\u00e1 um ato promovido pelos movimentos sociais em Defesa da Reforma Pol\u00edtica Democr\u00e1tica e da Democracia.<\/p>\n<p>A segunda fase est\u00e1 marcada para janeiro e fevereiro do pr\u00f3ximo ano, com um Semin\u00e1rio sobre a Reforma Pol\u00edtica, que acontecer\u00e1\u00a0 durante a Bienal de Cultura da UNE, entre 26 de janeiro a 1\u00ba de fevereiro de 2015. Ter\u00e1, ainda, o Dia Nacional de Coleta de Assinaturas, manifesto de lideran\u00e7as dos movimentos sociais, lideran\u00e7as pol\u00edticas, intelectuais, advogados, artistas e esportistas, entre outras atividades.<\/p>\n<p>J\u00e1 a\u00a0 etapa final prev\u00ea a realiza\u00e7\u00e3o da Semana de Luta Pela Reforma Pol\u00edtica, atos p\u00fablicos nas capitais e maiores cidades e, finalmente, a entrega das assinaturas ao Congresso com Ato em Bras\u00edlia.<\/p>\n<p>Fonte: CNBB<\/p>\n","protected":false},"excerpt":{"rendered":"<p>Entidades que participam da Coaliz\u00e3o pela Reforma Pol\u00edtica Democr\u00e1tica e Elei\u00e7\u00f5es Limpas divulgaram, no dia 13 de novembro, &#8220;Manifesto Reforma Pol\u00edtica Democr\u00e1tica J\u00e1!&#8221;. A Coaliz\u00e3o \u00e9 composta por mais de cem entidades e movimentos sociais, representativos de diversos segmentos da sociedade civil. O Projeto de Iniciativa Popular pede o fim da influ\u00eancia do poder econ\u00f4mico [&hellip;]<\/p>\n","protected":false},"author":1,"featured_media":0,"comment_status":"closed","ping_status":"closed","sticky":false,"template":"","format":"standard","meta":{"footnotes":""},"categories":[7],"tags":[],"class_list":["post-5330","post","type-post","status-publish","format-standard","hentry","category-cnbb"],"_links":{"self":[{"href":"https:\/\/catolicanet.net\/wp-cnet\/wp-json\/wp\/v2\/posts\/5330","targetHints":{"allow":["GET"]}}],"collection":[{"href":"https:\/\/catolicanet.net\/wp-cnet\/wp-json\/wp\/v2\/posts"}],"about":[{"href":"https:\/\/catolicanet.net\/wp-cnet\/wp-json\/wp\/v2\/types\/post"}],"author":[{"embeddable":true,"href":"https:\/\/catolicanet.net\/wp-cnet\/wp-json\/wp\/v2\/users\/1"}],"replies":[{"embeddable":true,"href":"https:\/\/catolicanet.net\/wp-cnet\/wp-json\/wp\/v2\/comments?post=5330"}],"version-history":[{"count":1,"href":"https:\/\/catolicanet.net\/wp-cnet\/wp-json\/wp\/v2\/posts\/5330\/revisions"}],"predecessor-version":[{"id":10196,"href":"https:\/\/catolicanet.net\/wp-cnet\/wp-json\/wp\/v2\/posts\/5330\/revisions\/10196"}],"wp:attachment":[{"href":"https:\/\/catolicanet.net\/wp-cnet\/wp-json\/wp\/v2\/media?parent=5330"}],"wp:term":[{"taxonomy":"category","embeddable":true,"href":"https:\/\/catolicanet.net\/wp-cnet\/wp-json\/wp\/v2\/categories?post=5330"},{"taxonomy":"post_tag","embeddable":true,"href":"https:\/\/catolicanet.net\/wp-cnet\/wp-json\/wp\/v2\/tags?post=5330"}],"curies":[{"name":"wp","href":"https:\/\/api.w.org\/{rel}","templated":true}]}}