{"id":53298,"date":"2019-09-05T09:32:58","date_gmt":"2019-09-05T12:32:58","guid":{"rendered":"http:\/\/catolicanet.net\/wp-cnet\/?p=53298"},"modified":"2019-09-05T09:32:58","modified_gmt":"2019-09-05T12:32:58","slug":"especialistas-apresentam-proposta-para-superar-dificil-situacao-do-instituto-joao-paulo-ii","status":"publish","type":"post","link":"https:\/\/catolicanet.net\/wp-cnet\/especialistas-apresentam-proposta-para-superar-dificil-situacao-do-instituto-joao-paulo-ii\/","title":{"rendered":"Especialistas apresentam proposta para superar \u201cdif\u00edcil situa\u00e7\u00e3o\u201d do Instituto Jo\u00e3o Paulo II"},"content":{"rendered":"<p>Quatro professores do Pontif\u00edcio Instituto Jo\u00e3o Paulo II para o Matrim\u00f4nio e a Fam\u00edlia, entre os quais seu vice-presidente, fizeram uma proposta para superar a &#8220;dif\u00edcil situa\u00e7\u00e3o&#8221; da casa de estudos, mantendo assim seu alto perfil acad\u00eamico e reputa\u00e7\u00e3o internacional.<\/p>\n<p>A proposta foi entregue pelos professores Juan Jos\u00e9 P\u00e9rez-Soba, Stephan Kampowski, Alexandra Diriart e Jos\u00e9 Granados, vice-presidente do Instituto, em uma carta datada de 27 de agosto, enviada ao Gr\u00e3o- Chanceler da casa de estudos, Dom Vincenzo Paglia. Os especialistas forneceram ao Grupo ACI o conte\u00fado da carta em 3 de setembro.<\/p>\n<p>A proposta consiste em manter a c\u00e1tedra de teologia moral fundamental com o professor Livio Melina, ex-presidente da casa de estudos; e tamb\u00e9m manter Pe. Jos\u00e9 Noriega, conhecido por sua linha favor\u00e1vel \u00e0s enc\u00edclicas <em>Humanae vitae<\/em> de S\u00e3o Paulo VI e <em>Veritatis splendor<\/em> de S\u00e3o Jo\u00e3o Paulo II.<\/p>\n<p>Os especialistas tamb\u00e9m sugerem a cria\u00e7\u00e3o de uma segunda c\u00e1tedra de teologia moral, que seria a teologia moral do acompanhamento, para inserir nela a proposta pastoral da exorta\u00e7\u00e3o apost\u00f3lica <em>Amoris laetitia<\/em> do Papa Francisco.<\/p>\n<p>Nos \u00faltimos meses, o Instituto recebeu uma onda de cr\u00edticas aos novos estatutos que estabelecem, entre outras coisas, que o desenvolvimento do curr\u00edculo e as contrata\u00e7\u00f5es de novos professores est\u00e3o sob o controle absoluto do Gr\u00e3o-Chanceler, Dom Vincenzo Paglia, quando antes havia uma maior participa\u00e7\u00e3o dos professores para garantir sua idoneidade. As rea\u00e7\u00f5es tamb\u00e9m se concentraram na decis\u00e3o do Instituto de n\u00e3o contar mais com Livio Melina e Jos\u00e9 Noriega.<\/p>\n<p>Em sua carta, os professores afirmam que \u201cgrande foi nossa surpresa quando vimos que, na aprova\u00e7\u00e3o dos novos estatutos, a interpreta\u00e7\u00e3o efetiva do motu pr\u00f3prio\u201d <em>Summa Familiae Cura<\/em>, com o qual o Papa Francisco iniciou a refunda\u00e7\u00e3o do Instituto, em 2017, era &#8220;contr\u00e1ria a que, continuamente, tinham nos oferecido&#8221;.<\/p>\n<p>\u201cEm vez disso, pudemos constatar que o motu pr\u00f3prio foi usado como desculpa legal para fazer mudan\u00e7as dentro do Instituto sem respeitar a passagem, normal em uma institui\u00e7\u00e3o acad\u00eamica, atrav\u00e9s do di\u00e1logo com o corpo docente. Dessa maneira, fomos privados de dois de nossos docentes ordin\u00e1rios em suas c\u00e1tedras, fato in\u00e9dito no mundo universit\u00e1rio\u201d, lamentam.<\/p>\n<p>Por isso, e diante da \u201cdif\u00edcil situa\u00e7\u00e3o\u201d e do \u201cimpasse\u201d no Instituto, os 4 professores alertam que \u201ca elimina\u00e7\u00e3o da teologia moral fundamental e da vis\u00e3o integral que ela permite, n\u00e3o apenas nega o prop\u00f3sito de continuidade com a inspira\u00e7\u00e3o presente do Instituto, mas tamb\u00e9m n\u00e3o honra a novidade que se deseja imprimir no seu percurso\u201d.<\/p>\n<p>Os especialistas explicam que, \u201cde acordo com a nossa proposta, haveria uma c\u00e1tedra de moral fundamental, que funcionou at\u00e9 agora dentro do Instituto, e outra c\u00e1tedra de teologia moral do acompanhamento, que poderia refletir sobre a proposta pastoral de <em>Amoris laetitia<\/em> para poder conduzir o sujeito hodierno a uma vida segundo o Evangelho\u201d.<\/p>\n<p>\u201cPensamos que a presen\u00e7a de ambas as c\u00e1tedras seria mutuamente enriquecedora. Assim, continuaria no Instituto a reflex\u00e3o sobre a moral fundamental, custodiando e aprofundando o ensinamento de <em>Veritatis splendor<\/em>, restabelecendo o professor Melina em sua c\u00e1tedra\u201d, enquanto \u201ca nova c\u00e1tedra ajudaria essa reflex\u00e3o para n\u00e3o esquecer as situa\u00e7\u00f5es dif\u00edceis de nosso tempo, uma sensibilidade que j\u00e1 estava presente no ensinamento da moral fundamental do Instituto\u201d, enfatizam.<\/p>\n<p>Al\u00e9m disso, os especialistas explicam que \u201co di\u00e1logo com a c\u00e1tedra do sacramento do matrim\u00f4nio ajudaria a mostrar como os temas suscitados por <em>Amoris laetitia<\/em> n\u00e3o t\u00eam a ver apenas com a a\u00e7\u00e3o moral, mas tamb\u00e9m tocam os fundamentos da vida comum, vis\u00edvel e encarnada, da Igreja&#8221;.<\/p>\n<p>Em resumo, indicam que &#8220;a exist\u00eancia das duas c\u00e1tedras expressaria, em n\u00edvel acad\u00eamico, a novidade em continuidade, de acordo com um verdadeiro desenvolvimento da doutrina, evitando as &#8216;mudan\u00e7as de paradigmas&#8217; radicais e contr\u00e1rios \u00e0 l\u00f3gica da f\u00e9&#8221;.<\/p>\n<p>A proposta &#8220;nos parece estar de acordo com a inten\u00e7\u00e3o profunda e com a pr\u00f3pria carta do motu pr\u00f3prio do Papa Francisco e com seu desejo de cultivar a inspira\u00e7\u00e3o iluminadora de S\u00e3o Jo\u00e3o Paulo II&#8221;, afirmam.<\/p>\n<p>Do mesmo modo, assinalam que a proposta \u201cdeve necessariamente estar vinculada ao restabelecimento do professor Jos\u00e9 Noriega em sua c\u00e1tedra. Seu servi\u00e7o ao Instituto, h\u00e1 mais de 18 anos, foi um precioso enriquecimento, reconhecido por colegas internos e externos\u201d.<\/p>\n<p>Considerando que a proposta apresentada implica que a Congrega\u00e7\u00e3o para a Educa\u00e7\u00e3o Cat\u00f3lica revise os estatutos em profundidade, os professores sugerem uma \u201csolu\u00e7\u00e3o operacional\u201d que possa ser feita rapidamente.<\/p>\n<p>\u201cQue o professor Noriega reassuma a c\u00e1tedra de teologia moral do matrim\u00f4nio e da fam\u00edlia; e que o professor Melina, amplamente qualificado para essa tarefa, seja designado para a c\u00e1tedra de bio\u00e9tica\u201d, destacam.<\/p>\n<p>Para concluir, os especialistas expressam sua esperan\u00e7a de que a proposta seja aceita para que o \u201cInstituto Jo\u00e3o Paulo II tenha a possibilidade de continuar desenvolvendo sua miss\u00e3o com a excel\u00eancia que demonstrou at\u00e9 agora\u201d.<\/p>\n","protected":false},"excerpt":{"rendered":"<p>Quatro professores do Pontif\u00edcio Instituto Jo\u00e3o Paulo II para o Matrim\u00f4nio e a Fam\u00edlia, entre os quais seu vice-presidente, fizeram uma proposta para superar a &#8220;dif\u00edcil situa\u00e7\u00e3o&#8221; da casa de estudos, mantendo assim seu alto perfil acad\u00eamico e reputa\u00e7\u00e3o internacional. A proposta foi entregue pelos professores Juan Jos\u00e9 P\u00e9rez-Soba, Stephan Kampowski, Alexandra Diriart e Jos\u00e9 [&hellip;]<\/p>\n","protected":false},"author":1,"featured_media":53299,"comment_status":"open","ping_status":"closed","sticky":false,"template":"","format":"standard","meta":{"footnotes":""},"categories":[4],"tags":[],"class_list":["post-53298","post","type-post","status-publish","format-standard","has-post-thumbnail","hentry","category-cotidiano"],"_links":{"self":[{"href":"https:\/\/catolicanet.net\/wp-cnet\/wp-json\/wp\/v2\/posts\/53298","targetHints":{"allow":["GET"]}}],"collection":[{"href":"https:\/\/catolicanet.net\/wp-cnet\/wp-json\/wp\/v2\/posts"}],"about":[{"href":"https:\/\/catolicanet.net\/wp-cnet\/wp-json\/wp\/v2\/types\/post"}],"author":[{"embeddable":true,"href":"https:\/\/catolicanet.net\/wp-cnet\/wp-json\/wp\/v2\/users\/1"}],"replies":[{"embeddable":true,"href":"https:\/\/catolicanet.net\/wp-cnet\/wp-json\/wp\/v2\/comments?post=53298"}],"version-history":[{"count":1,"href":"https:\/\/catolicanet.net\/wp-cnet\/wp-json\/wp\/v2\/posts\/53298\/revisions"}],"predecessor-version":[{"id":53300,"href":"https:\/\/catolicanet.net\/wp-cnet\/wp-json\/wp\/v2\/posts\/53298\/revisions\/53300"}],"wp:featuredmedia":[{"embeddable":true,"href":"https:\/\/catolicanet.net\/wp-cnet\/wp-json\/wp\/v2\/media\/53299"}],"wp:attachment":[{"href":"https:\/\/catolicanet.net\/wp-cnet\/wp-json\/wp\/v2\/media?parent=53298"}],"wp:term":[{"taxonomy":"category","embeddable":true,"href":"https:\/\/catolicanet.net\/wp-cnet\/wp-json\/wp\/v2\/categories?post=53298"},{"taxonomy":"post_tag","embeddable":true,"href":"https:\/\/catolicanet.net\/wp-cnet\/wp-json\/wp\/v2\/tags?post=53298"}],"curies":[{"name":"wp","href":"https:\/\/api.w.org\/{rel}","templated":true}]}}