{"id":53295,"date":"2019-09-05T09:25:32","date_gmt":"2019-09-05T12:25:32","guid":{"rendered":"http:\/\/catolicanet.net\/wp-cnet\/?p=53295"},"modified":"2019-09-05T09:25:32","modified_gmt":"2019-09-05T12:25:32","slug":"athletica-vaticana-entre-os-promotores-da-meia-maratona-de-roma","status":"publish","type":"post","link":"https:\/\/catolicanet.net\/wp-cnet\/athletica-vaticana-entre-os-promotores-da-meia-maratona-de-roma\/","title":{"rendered":"Athletica Vaticana entre os promotores da Meia Maratona de Roma"},"content":{"rendered":"<p>Pela primeira vez, a Athletica Vaticana estar\u00e1 entre os promotores da Meia Maratona de Roma Via Pacis, que ser\u00e1 realizada em 22 de setembro.<\/p>\n<p>A representa\u00e7\u00e3o oficial de atletismo da Santa S\u00e9 assume o lugar do Pontif\u00edcio Conselho da Cultura, que tinha sido encomendada pela Secretaria de Estado.<\/p>\n<p>No dia 9 de setembro, ser\u00e1 oficialmente apresentada a terceira edi\u00e7\u00e3o da Meia Maratona de Roma (Rome Half Marathon Via Pacis), na qual participar\u00e3o o presidente do Conselho Pontif\u00edcio para a Cultura, Cardeal Gianfranco Ravasi, a prefeita de Roma, Virginia Raggi, e o presidente da Federa\u00e7\u00e3o Italiana de Atletismo (FIDAL), Alfio Gioni.<\/p>\n<p>Mons. Melchor S\u00e1nchez de Toca, subsecret\u00e1rio do Pontif\u00edcio Conselho para a Cultura e presidente da Atlhetica Vaticana, disse que, \u201cdesta maneira, a estrutura institucional da Via Pacis se torna mais homog\u00eanea: em conjunto com a Roma Capitale [Prefeitura de Roma], o evento \u00e9 convocado por duas institui\u00e7\u00f5es esportivas &#8216;nacionais&#8217;, a italiana FIDAL e a vaticana\u201d.<\/p>\n<p>A meia maratona Roma Via Pacis tem uma dist\u00e2ncia de 21,9 quil\u00f4metros e, ao mesmo tempo, ocorre a corrida n\u00e3o competitiva &#8220;Run for Peace&#8221;, de 5 quil\u00f4metros.<\/p>\n<p>Segundo informam no comunicado, junto com os corredores da Athletica Vaticana, tamb\u00e9m haver\u00e1 representantes da Gendarmaria Vaticana, da Guarda Su\u00ed\u00e7a Pontif\u00edcia, do dispens\u00e1rio vaticano de Santa Marta, onde as fam\u00edlias carentes s\u00e3o atendidas, e muitos outros departamentos da Santa S\u00e9, entre os quais a Secretaria de Estado.<\/p>\n<p>Al\u00e9m disso, tamb\u00e9m participar\u00e1 um grupo de jovens imigrantes acolhidos pela Cooperativa Auxilium no centro &#8220;Mondo Migliore&#8221;, na localidade de Rocca di Papa, Roma (It\u00e1lia).<\/p>\n<p>&#8220;Uma participa\u00e7\u00e3o apaixonada para testemunhar pelas ruas de Roma a abertura concreta ao di\u00e1logo e \u00e0 amizade com todos&#8221;, declarou Mons. S\u00e1nchez de Toca.<\/p>\n<p>Com este evento, a Athletica Vaticana relan\u00e7a sua presen\u00e7a com atletas de todo o mundo, tamb\u00e9m atrav\u00e9s da espiritualidade, solidariedade e cultura.<\/p>\n<p>Athletica Vaticana nasceu de forma espont\u00e2nea do encontro de v\u00e1rios trabalhadores do Vaticano que treinavam nas primeiras horas da manh\u00e3, nas proximidades do Vaticano. Dessa maneira, a Secretaria de Estado deu uma forma jur\u00eddica a essa \u201ccomunidade de amigos\u201d, para \u201cum testemunho crist\u00e3o nas ruas, literalmente &#8217;em sa\u00edda&#8217;, como pede o Papa Francisco, entre os homens e mulheres que vivem a paix\u00e3o do esporte\u201d.<\/p>\n<p>Nesta equipe de corredores do Vaticano, h\u00e1 18 nacionalidades presentes. O mais jovem \u00e9 um Guarda Su\u00ed\u00e7o de 19 anos e o mais velho tem 62 anos e \u00e9 professor na Biblioteca Apost\u00f3lica do Vaticano.<\/p>\n","protected":false},"excerpt":{"rendered":"<p>Pela primeira vez, a Athletica Vaticana estar\u00e1 entre os promotores da Meia Maratona de Roma Via Pacis, que ser\u00e1 realizada em 22 de setembro. A representa\u00e7\u00e3o oficial de atletismo da Santa S\u00e9 assume o lugar do Pontif\u00edcio Conselho da Cultura, que tinha sido encomendada pela Secretaria de Estado. No dia 9 de setembro, ser\u00e1 oficialmente [&hellip;]<\/p>\n","protected":false},"author":1,"featured_media":53296,"comment_status":"open","ping_status":"closed","sticky":false,"template":"","format":"standard","meta":{"footnotes":""},"categories":[4],"tags":[],"class_list":["post-53295","post","type-post","status-publish","format-standard","has-post-thumbnail","hentry","category-cotidiano"],"_links":{"self":[{"href":"https:\/\/catolicanet.net\/wp-cnet\/wp-json\/wp\/v2\/posts\/53295","targetHints":{"allow":["GET"]}}],"collection":[{"href":"https:\/\/catolicanet.net\/wp-cnet\/wp-json\/wp\/v2\/posts"}],"about":[{"href":"https:\/\/catolicanet.net\/wp-cnet\/wp-json\/wp\/v2\/types\/post"}],"author":[{"embeddable":true,"href":"https:\/\/catolicanet.net\/wp-cnet\/wp-json\/wp\/v2\/users\/1"}],"replies":[{"embeddable":true,"href":"https:\/\/catolicanet.net\/wp-cnet\/wp-json\/wp\/v2\/comments?post=53295"}],"version-history":[{"count":1,"href":"https:\/\/catolicanet.net\/wp-cnet\/wp-json\/wp\/v2\/posts\/53295\/revisions"}],"predecessor-version":[{"id":53297,"href":"https:\/\/catolicanet.net\/wp-cnet\/wp-json\/wp\/v2\/posts\/53295\/revisions\/53297"}],"wp:featuredmedia":[{"embeddable":true,"href":"https:\/\/catolicanet.net\/wp-cnet\/wp-json\/wp\/v2\/media\/53296"}],"wp:attachment":[{"href":"https:\/\/catolicanet.net\/wp-cnet\/wp-json\/wp\/v2\/media?parent=53295"}],"wp:term":[{"taxonomy":"category","embeddable":true,"href":"https:\/\/catolicanet.net\/wp-cnet\/wp-json\/wp\/v2\/categories?post=53295"},{"taxonomy":"post_tag","embeddable":true,"href":"https:\/\/catolicanet.net\/wp-cnet\/wp-json\/wp\/v2\/tags?post=53295"}],"curies":[{"name":"wp","href":"https:\/\/api.w.org\/{rel}","templated":true}]}}