{"id":5328,"date":"2014-11-14T13:36:28","date_gmt":"2014-11-14T15:36:28","guid":{"rendered":"http:\/\/catolicanet.net\/wp-cnet\/diocese-de-sobral-inicia-ano-jubilar\/"},"modified":"2017-04-06T16:42:23","modified_gmt":"2017-04-06T19:42:23","slug":"diocese-de-sobral-inicia-ano-jubilar","status":"publish","type":"post","link":"https:\/\/catolicanet.net\/wp-cnet\/diocese-de-sobral-inicia-ano-jubilar\/","title":{"rendered":"Diocese de Sobral inicia Ano Jubilar"},"content":{"rendered":"<p style=\"text-align: justify;\"><img decoding=\"async\" src=\"http:\/\/catolicanet.com.br\/images\/stories\/geral\/diocese de sobral.jpg\" border=\"0\" align=\"left\" \/>Em prepara\u00e7\u00e3o a festa dos 100 anos de cria\u00e7\u00e3o, a diocese de Sobral (CE) abriu oficialmente o Ano Jubilar e Ano Eucar\u00edstico, no dia 9 de novembro. A partir desta data tem in\u00edcio, tamb\u00e9m, a peregrina\u00e7\u00e3o dos \u00edcones, a cruz mission\u00e1ria e a imagem de Nossa Senhora Aparecida, que percorrer\u00e3o par\u00f3quias e comunidades. A programa\u00e7\u00e3o do Jubileu inclui ser\u00e1 realizada at\u00e9 novembro de 2015, quando ser\u00e1 comemorado o centen\u00e1rio da diocese.<\/p>\n<p>Haver\u00e1, ainda, neste per\u00edodo, celebra\u00e7\u00f5es jubilares por segmento, com participa\u00e7\u00e3o das pastorais, grupos, movimentos, associa\u00e7\u00f5es e outros. Em outubro do pr\u00f3ximo ano est\u00e1 prevista a Semana Eucar\u00edstica Paroquial e, no m\u00eas seguinte, o Congresso Eucar\u00edstico. A festa dos 100 anos est\u00e1 marcada para o dia 8 de novembro, com celebra\u00e7\u00e3o de missa, programa\u00e7\u00e3o cultural e lan\u00e7amento do livro da hist\u00f3ria da diocese de Sobral.<\/p>\n<p>\u201cEstamos em clima de festa, peregrinando para comemorar os cem anos de nossa diocese. \u00c9 tempo de alegria, de dar gra\u00e7as a Deus por esta etapa de evangeliza\u00e7\u00e3o, de caminhada, de an\u00fancio, de convers\u00e3o e de fortalecimento de nossa f\u00e9\u201d, comunicou em nota a Comiss\u00e3o do Jubileu.<\/p>\n<p>O primeiro momento de prepara\u00e7\u00e3o para o Jubileu aconteceu entre 2005 e 2010, por meio da realiza\u00e7\u00e3o das Santas Miss\u00f5es Populares. Em 2011, a segunda etapa prosseguiu com a atividade mission\u00e1ria. A diocese de Sobral \u00e9 formada por 39 par\u00f3quias e quatro \u00e1reas pastorais.<\/p>\n<p style=\"text-align: justify;\">\u00a0<\/p>\n<p style=\"text-align: justify;\">Fonte: CNBB<\/p>\n","protected":false},"excerpt":{"rendered":"<p>Em prepara\u00e7\u00e3o a festa dos 100 anos de cria\u00e7\u00e3o, a diocese de Sobral (CE) abriu oficialmente o Ano Jubilar e Ano Eucar\u00edstico, no dia 9 de novembro. A partir desta data tem in\u00edcio, tamb\u00e9m, a peregrina\u00e7\u00e3o dos \u00edcones, a cruz mission\u00e1ria e a imagem de Nossa Senhora Aparecida, que percorrer\u00e3o par\u00f3quias e comunidades. A programa\u00e7\u00e3o [&hellip;]<\/p>\n","protected":false},"author":1,"featured_media":0,"comment_status":"closed","ping_status":"closed","sticky":false,"template":"","format":"standard","meta":{"footnotes":""},"categories":[7],"tags":[],"class_list":["post-5328","post","type-post","status-publish","format-standard","hentry","category-cnbb"],"_links":{"self":[{"href":"https:\/\/catolicanet.net\/wp-cnet\/wp-json\/wp\/v2\/posts\/5328","targetHints":{"allow":["GET"]}}],"collection":[{"href":"https:\/\/catolicanet.net\/wp-cnet\/wp-json\/wp\/v2\/posts"}],"about":[{"href":"https:\/\/catolicanet.net\/wp-cnet\/wp-json\/wp\/v2\/types\/post"}],"author":[{"embeddable":true,"href":"https:\/\/catolicanet.net\/wp-cnet\/wp-json\/wp\/v2\/users\/1"}],"replies":[{"embeddable":true,"href":"https:\/\/catolicanet.net\/wp-cnet\/wp-json\/wp\/v2\/comments?post=5328"}],"version-history":[{"count":1,"href":"https:\/\/catolicanet.net\/wp-cnet\/wp-json\/wp\/v2\/posts\/5328\/revisions"}],"predecessor-version":[{"id":10194,"href":"https:\/\/catolicanet.net\/wp-cnet\/wp-json\/wp\/v2\/posts\/5328\/revisions\/10194"}],"wp:attachment":[{"href":"https:\/\/catolicanet.net\/wp-cnet\/wp-json\/wp\/v2\/media?parent=5328"}],"wp:term":[{"taxonomy":"category","embeddable":true,"href":"https:\/\/catolicanet.net\/wp-cnet\/wp-json\/wp\/v2\/categories?post=5328"},{"taxonomy":"post_tag","embeddable":true,"href":"https:\/\/catolicanet.net\/wp-cnet\/wp-json\/wp\/v2\/tags?post=5328"}],"curies":[{"name":"wp","href":"https:\/\/api.w.org\/{rel}","templated":true}]}}