{"id":53279,"date":"2019-09-04T15:30:16","date_gmt":"2019-09-04T18:30:16","guid":{"rendered":"http:\/\/catolicanet.net\/wp-cnet\/?p=53279"},"modified":"2019-09-04T15:30:16","modified_gmt":"2019-09-04T18:30:16","slug":"ii-congresso-brasileiro-de-humanismo-solidario-na-ciencia-acontecera-em-salvador-ba-em-2020","status":"publish","type":"post","link":"https:\/\/catolicanet.net\/wp-cnet\/ii-congresso-brasileiro-de-humanismo-solidario-na-ciencia-acontecera-em-salvador-ba-em-2020\/","title":{"rendered":"II Congresso Brasileiro de Humanismo Solid\u00e1rio na Ci\u00eancia acontecer\u00e1 em Salvador (BA), em 2020"},"content":{"rendered":"<p>A segunda edi\u00e7\u00e3o do Congresso de Humanismo Solid\u00e1rio na Ci\u00eancia (HSC), iniciativa bienal da Sociedade Brasileira de Cientistas Cat\u00f3licos, do Setor Universidades da CNBB e do Grupo de Partilha de Profissionais (GPP\/MUR), vai acontecer\u00a0de 07 a 08 de outubro de 2020, na Universidade Cat\u00f3lica do Salvador, em Salvador (BA). No dia 02 de setembro, aconteceu a reuni\u00e3o para tratativas e os participantes estruturara a proposta geral do congresso, aloca\u00e7\u00e3o das propostas pedag\u00f3gicas (confer\u00eancia principal, sess\u00e3o de p\u00f4steres, sess\u00f5es plen\u00e1rias e mesas tem\u00e1ticas e atividades culturais), defini\u00e7\u00e3o da equipe nacional e local de trabalho e reconhecimento do espa\u00e7o f\u00edsico para as instala\u00e7\u00f5es.<\/p>\n<p>A mat\u00e9ria completa est\u00e1 <a href=\"http:\/\/culturaeducacaocnbb.com\/ii-congresso-brasileiro-de-humanismo-solidario-na-ciencia-acontecera-em-salvador-ba-em-2020\/\"><em><strong>aqui<\/strong><\/em><\/a> no site da Comiss\u00e3o Episcopal Pastoral para Cultura e Educa\u00e7\u00e3o da CNBB<\/p>\n","protected":false},"excerpt":{"rendered":"<p>A segunda edi\u00e7\u00e3o do Congresso de Humanismo Solid\u00e1rio na Ci\u00eancia (HSC), iniciativa bienal da Sociedade Brasileira de Cientistas Cat\u00f3licos, do Setor Universidades da CNBB e do Grupo de Partilha de Profissionais (GPP\/MUR), vai acontecer\u00a0de 07 a 08 de outubro de 2020, na Universidade Cat\u00f3lica do Salvador, em Salvador (BA). No dia 02 de setembro, aconteceu [&hellip;]<\/p>\n","protected":false},"author":1,"featured_media":53280,"comment_status":"open","ping_status":"closed","sticky":false,"template":"","format":"standard","meta":{"footnotes":""},"categories":[7],"tags":[],"class_list":["post-53279","post","type-post","status-publish","format-standard","has-post-thumbnail","hentry","category-cnbb"],"_links":{"self":[{"href":"https:\/\/catolicanet.net\/wp-cnet\/wp-json\/wp\/v2\/posts\/53279","targetHints":{"allow":["GET"]}}],"collection":[{"href":"https:\/\/catolicanet.net\/wp-cnet\/wp-json\/wp\/v2\/posts"}],"about":[{"href":"https:\/\/catolicanet.net\/wp-cnet\/wp-json\/wp\/v2\/types\/post"}],"author":[{"embeddable":true,"href":"https:\/\/catolicanet.net\/wp-cnet\/wp-json\/wp\/v2\/users\/1"}],"replies":[{"embeddable":true,"href":"https:\/\/catolicanet.net\/wp-cnet\/wp-json\/wp\/v2\/comments?post=53279"}],"version-history":[{"count":1,"href":"https:\/\/catolicanet.net\/wp-cnet\/wp-json\/wp\/v2\/posts\/53279\/revisions"}],"predecessor-version":[{"id":53281,"href":"https:\/\/catolicanet.net\/wp-cnet\/wp-json\/wp\/v2\/posts\/53279\/revisions\/53281"}],"wp:featuredmedia":[{"embeddable":true,"href":"https:\/\/catolicanet.net\/wp-cnet\/wp-json\/wp\/v2\/media\/53280"}],"wp:attachment":[{"href":"https:\/\/catolicanet.net\/wp-cnet\/wp-json\/wp\/v2\/media?parent=53279"}],"wp:term":[{"taxonomy":"category","embeddable":true,"href":"https:\/\/catolicanet.net\/wp-cnet\/wp-json\/wp\/v2\/categories?post=53279"},{"taxonomy":"post_tag","embeddable":true,"href":"https:\/\/catolicanet.net\/wp-cnet\/wp-json\/wp\/v2\/tags?post=53279"}],"curies":[{"name":"wp","href":"https:\/\/api.w.org\/{rel}","templated":true}]}}