{"id":5322,"date":"2014-11-14T12:45:59","date_gmt":"2014-11-14T14:45:59","guid":{"rendered":"http:\/\/catolicanet.net\/wp-cnet\/a-fe-transmite-se-com-o-exemplo-e-nao-com-palavras-o-papa-as-criancas-em-santa-marta\/"},"modified":"2017-04-06T16:39:38","modified_gmt":"2017-04-06T19:39:38","slug":"a-fe-transmite-se-com-o-exemplo-e-nao-com-palavras-o-papa-as-criancas-em-santa-marta","status":"publish","type":"post","link":"https:\/\/catolicanet.net\/wp-cnet\/a-fe-transmite-se-com-o-exemplo-e-nao-com-palavras-o-papa-as-criancas-em-santa-marta\/","title":{"rendered":"A f\u00e9 transmite-se com o exemplo e n\u00e3o com palavras \u2013 o Papa \u00e0s crian\u00e7as em Santa Marta"},"content":{"rendered":"<p style=\"text-align: justify;\"><img decoding=\"async\" src=\"http:\/\/catolicanet.com.br\/images\/stories\/geral\/ossrom.jpg\" border=\"0\" align=\"left\" \/>A f\u00e9 transmite-se com o exemplo e n\u00e3o com palavras \u2013 esta a mensagem principal do Papa Francisco no dia 14 de novembro, sexta-feira, na eucaristia na Capela da Casa de Santa Marta na qual participaram crian\u00e7as e adolescentes de uma par\u00f3quia romana. Para o Santo Padre a transmiss\u00e3o da f\u00e9 aos jovens deve ser feita atrav\u00e9s daquilo que se vive:<\/p>\n<p>\u201cEnsinamos aquilo que ouvimos na Primeira leitura: caminhar no amor e na verdade? Ou o ensinamos com as palavras, mas a nossa vida prossegue por outro rumo? Os jovens s\u00e3o para n\u00f3s uma responsabilidade! Um crist\u00e3o deve cuidar dos adolescentes, das crian\u00e7as e transmitir a f\u00e9, transmitir aquilo que vive, que est\u00e1 no seu cora\u00e7\u00e3o. N\u00f3s n\u00e3o podemos ignorar as plantinhas que crescem!\u201d<\/p>\n<p>Para o Papa Francisco, tudo depende da assun\u00e7\u00e3o de uma postura justa em rela\u00e7\u00e3o aos jovens. E \u201ccomo \u00e9 a minha atitude?\u201d \u2013 questionou ainda. De irm\u00e3o, de pai, de m\u00e3e, de irm\u00e3, que ajuda crescer ou \u00e9 uma atitude de dist\u00e2ncia: \u201celes crescem, e eu sigo a minha vida\u2026!?\u201d:<\/p>\n<p>\u201cTodos n\u00f3s temos uma responsabilidade: dar o melhor de n\u00f3s, e o que temos de melhor \u00e9 a f\u00e9. Temos que dar a f\u00e9, mas com o exemplo. N\u00e3o com as palavras, hoje as palavras n\u00e3o servem. Neste mundo da imagem, todos t\u00eam um telem\u00f3vel n\u00e3o precisam de palavras. Que exemplo damos?\u201d<\/p>\n<p>A este ponto, o di\u00e1logo desenvolveu-se e o Papa come\u00e7ou a perguntar aos jovens porque estavam na Casa de Santa Marta. Depois de alguns instantes, um deles tomou coragem e admitiu: \u2018Para te ver&#8230;\u2019. O Papa retribuiu, dizendo que ele tamb\u00e9m estava feliz em v\u00ea-los, e perguntou ainda se tinham recebido a Primeira Comunh\u00e3o ou o Crisma, repetindo a todos que o Batismo \u2018abre as portas \u00e0 vida crist\u00e3\u2019 e que, depois, \u2018come\u00e7a um caminho que dura a vida toda\u2019; o percurso descrito na Carta de Jo\u00e3o lida pouco antes: \u201cCaminhar na verdade e no amor\u201d.<\/p>\n<p>\u201cMais adiante \u2013 indicou o Papa \u2013 vir\u00e3o outros Sacramentos, como o matrim\u00f3nio, mas o importante \u2013 destacou \u2013 \u00e9 saber viver este caminho como Jesus\u201d.<\/p>\n<p>\u201cNestes Sacramentos&#8230; a ora\u00e7\u00e3o \u00e9 um Sacramento?&#8230; N\u00e3o! A ora\u00e7\u00e3o n\u00e3o \u00e9 um Sacramento, mas devemos rezar. Voc\u00eas n\u00e3o sabem a quem rezar? Pois bem&#8230; Rezar ao Senhor, rezar a Jesus, rezar a Nossa Senhora para que nos ajudem neste caminho da verdade e do amor. Entenderam? Voc\u00eas vieram questionar-me, quem de v\u00f3s falou? Tu? Concordas? Ou deixamos Jesus de lado?\u201d.<\/p>\n<p>E as crian\u00e7as responderam: \u2018N\u00e3o\u2019.<\/p>\n<p>\u201cAgora, Jesus vem ao altar e n\u00f3s o veremos todos! \u00c9 Jesus! Neste momento, devemos pedir a Jesus que nos ensine a caminhar na verdade e no amor. Vamos dizer juntos? \u201cCaminhar na verdade e no amor\u201d (repetiram todos juntos).<\/p>\n<p style=\"text-align: justify;\">\u00a0<\/p>\n<p style=\"text-align: justify;\">Fonte: R\u00e1dio Vaticano<\/p>\n","protected":false},"excerpt":{"rendered":"<p>A f\u00e9 transmite-se com o exemplo e n\u00e3o com palavras \u2013 esta a mensagem principal do Papa Francisco no dia 14 de novembro, sexta-feira, na eucaristia na Capela da Casa de Santa Marta na qual participaram crian\u00e7as e adolescentes de uma par\u00f3quia romana. Para o Santo Padre a transmiss\u00e3o da f\u00e9 aos jovens deve ser [&hellip;]<\/p>\n","protected":false},"author":1,"featured_media":0,"comment_status":"closed","ping_status":"closed","sticky":false,"template":"","format":"standard","meta":{"footnotes":""},"categories":[3],"tags":[],"class_list":["post-5322","post","type-post","status-publish","format-standard","hentry","category-vaticano"],"_links":{"self":[{"href":"https:\/\/catolicanet.net\/wp-cnet\/wp-json\/wp\/v2\/posts\/5322","targetHints":{"allow":["GET"]}}],"collection":[{"href":"https:\/\/catolicanet.net\/wp-cnet\/wp-json\/wp\/v2\/posts"}],"about":[{"href":"https:\/\/catolicanet.net\/wp-cnet\/wp-json\/wp\/v2\/types\/post"}],"author":[{"embeddable":true,"href":"https:\/\/catolicanet.net\/wp-cnet\/wp-json\/wp\/v2\/users\/1"}],"replies":[{"embeddable":true,"href":"https:\/\/catolicanet.net\/wp-cnet\/wp-json\/wp\/v2\/comments?post=5322"}],"version-history":[{"count":1,"href":"https:\/\/catolicanet.net\/wp-cnet\/wp-json\/wp\/v2\/posts\/5322\/revisions"}],"predecessor-version":[{"id":10188,"href":"https:\/\/catolicanet.net\/wp-cnet\/wp-json\/wp\/v2\/posts\/5322\/revisions\/10188"}],"wp:attachment":[{"href":"https:\/\/catolicanet.net\/wp-cnet\/wp-json\/wp\/v2\/media?parent=5322"}],"wp:term":[{"taxonomy":"category","embeddable":true,"href":"https:\/\/catolicanet.net\/wp-cnet\/wp-json\/wp\/v2\/categories?post=5322"},{"taxonomy":"post_tag","embeddable":true,"href":"https:\/\/catolicanet.net\/wp-cnet\/wp-json\/wp\/v2\/tags?post=5322"}],"curies":[{"name":"wp","href":"https:\/\/api.w.org\/{rel}","templated":true}]}}