{"id":5321,"date":"2014-11-14T12:35:43","date_gmt":"2014-11-14T14:35:43","guid":{"rendered":"http:\/\/catolicanet.net\/wp-cnet\/pai-canta-para-o-filho-prematuro-na-uti\/"},"modified":"2017-04-18T09:33:20","modified_gmt":"2017-04-18T12:33:20","slug":"pai-canta-para-o-filho-prematuro-na-uti","status":"publish","type":"post","link":"https:\/\/catolicanet.net\/wp-cnet\/pai-canta-para-o-filho-prematuro-na-uti\/","title":{"rendered":"Pai canta para o filho prematuro na UTI"},"content":{"rendered":"<p style=\"text-align: justify;\"><img decoding=\"async\" src=\"http:\/\/catolicanet.com.br\/images\/stories\/geral\/paicantafilhouti.jpg\" border=\"0\" align=\"left\" \/><a href=\"http:\/\/catolicanet.net\/wp-cnet\/2012\/01\/18\/moradores-do-xingu-qestao-matando-o-nosso-rioq\/\">V\u00eddeo<\/a> comovente gera onda de solidariedade na internet pelo pai que acabara de perder sua esposa e lutava ao lado do filho<\/p>\n<p>Voc\u00ea assista abaixo a um v\u00eddeo que tem rodado o mundo e gerado sentimentos de compaix\u00e3o e solidariedade por um pai que acabara de perder a sua esposa, falecida quando estava gr\u00e1vida de 24 semanas. <\/p>\n<p>A esposa, Ashley Picco, 30 anos, deu entrada na emerg\u00eancia do hospital da Loma Linda University, na Calif\u00f3rnia, no dia 9 de novembro. Por complica\u00e7\u00f5es na gesta\u00e7\u00e3o, ela passou por uma cirurgia cesareana, em que deu \u00e0 luz o beb\u00ea Lennon Picco. Ela morreu depois da cirurgia.<\/p>\n<p>Na UTI, ao lado do filho que lutava para sobreviver, o pai, o m\u00fasico Chris Picco, pediu autoriza\u00e7\u00e3o aos m\u00e9dicos para cantar para o seu beb\u00ea. Infelizmente, sendo muito prematuro, Lennon Picco n\u00e3o resistiu, e veio a falecer no dia 11 de novembro.<\/p>\n<p>Um amigo de Chris postou o<a href=\"http:\/\/catolicanet.net\/wp-cnet\/2012\/01\/18\/moradores-do-xingu-qestao-matando-o-nosso-rioq\/\"> v\u00eddeo no YouTube<\/a>, e um memorial foi criado em homenagem a m\u00e3e e filho.<\/p>\n<p>Rezemos pelas almas de Ashley Picco e Lennon Picco. E prestemos nossa solidariedade e ora\u00e7\u00f5es ao pai, Chris Picco, para que Deus o conforte e d\u00ea for\u00e7as ao seu cora\u00e7\u00e3o.<\/p>\n<p>Fonte: Aleteia<\/p>\n","protected":false},"excerpt":{"rendered":"<p>V\u00eddeo comovente gera onda de solidariedade na internet pelo pai que acabara de perder sua esposa e lutava ao lado do filho Voc\u00ea assista abaixo a um v\u00eddeo que tem rodado o mundo e gerado sentimentos de compaix\u00e3o e solidariedade por um pai que acabara de perder a sua esposa, falecida quando estava gr\u00e1vida de [&hellip;]<\/p>\n","protected":false},"author":1,"featured_media":0,"comment_status":"closed","ping_status":"closed","sticky":false,"template":"","format":"standard","meta":{"footnotes":""},"categories":[4],"tags":[],"class_list":["post-5321","post","type-post","status-publish","format-standard","hentry","category-cotidiano"],"_links":{"self":[{"href":"https:\/\/catolicanet.net\/wp-cnet\/wp-json\/wp\/v2\/posts\/5321","targetHints":{"allow":["GET"]}}],"collection":[{"href":"https:\/\/catolicanet.net\/wp-cnet\/wp-json\/wp\/v2\/posts"}],"about":[{"href":"https:\/\/catolicanet.net\/wp-cnet\/wp-json\/wp\/v2\/types\/post"}],"author":[{"embeddable":true,"href":"https:\/\/catolicanet.net\/wp-cnet\/wp-json\/wp\/v2\/users\/1"}],"replies":[{"embeddable":true,"href":"https:\/\/catolicanet.net\/wp-cnet\/wp-json\/wp\/v2\/comments?post=5321"}],"version-history":[{"count":2,"href":"https:\/\/catolicanet.net\/wp-cnet\/wp-json\/wp\/v2\/posts\/5321\/revisions"}],"predecessor-version":[{"id":15490,"href":"https:\/\/catolicanet.net\/wp-cnet\/wp-json\/wp\/v2\/posts\/5321\/revisions\/15490"}],"wp:attachment":[{"href":"https:\/\/catolicanet.net\/wp-cnet\/wp-json\/wp\/v2\/media?parent=5321"}],"wp:term":[{"taxonomy":"category","embeddable":true,"href":"https:\/\/catolicanet.net\/wp-cnet\/wp-json\/wp\/v2\/categories?post=5321"},{"taxonomy":"post_tag","embeddable":true,"href":"https:\/\/catolicanet.net\/wp-cnet\/wp-json\/wp\/v2\/tags?post=5321"}],"curies":[{"name":"wp","href":"https:\/\/api.w.org\/{rel}","templated":true}]}}