{"id":53146,"date":"2019-09-03T14:36:33","date_gmt":"2019-09-03T17:36:33","guid":{"rendered":"http:\/\/catolicanet.net\/wp-cnet\/?p=53146"},"modified":"2019-09-03T14:36:33","modified_gmt":"2019-09-03T17:36:33","slug":"como-uma-arrecadacao-de-lacres-do-colegio-salesiano-santa-teresinha-ajudou-instituicoes-carentes","status":"publish","type":"post","link":"https:\/\/catolicanet.net\/wp-cnet\/como-uma-arrecadacao-de-lacres-do-colegio-salesiano-santa-teresinha-ajudou-instituicoes-carentes\/","title":{"rendered":"Como uma arrecada\u00e7\u00e3o de lacres do Col\u00e9gio Salesiano Santa Teresinha ajudou institui\u00e7\u00f5es carentes"},"content":{"rendered":"<p><strong>\u00a0<\/strong><\/p>\n<p><em>Professores, pais e alunos abra\u00e7am projeto simples que fazem a diferen\u00e7a na vida de muitas pessoas<\/em><\/p>\n<p>Normalmente s\u00e3o pequenas a\u00e7\u00f5es que fazem a diferen\u00e7a na nossa vida, especialmente as boas pr\u00e1ticas em ajudar o pr\u00f3ximo. A iniciativa que come\u00e7ou apenas com o Ensino Fundamental do Col\u00e9gio Salesiano Santa Teresinha, tomou propor\u00e7\u00f5es maiores e envolveu todos os professores, alunos e pais da escola no Projeto Cadeira de Rodas. De maneira simples, cada 140 garrafas pet de 2 litros cheias de lacre de latinhas, resulta em uma cadeira de rodas para doa\u00e7\u00e3o. O engajamento foi t\u00e3o grande que a escola conseguiu em 3 meses juntar 560 garrafas e firmar parceria com a empresa LACRE AMIGO, facilitando ainda mais o processo.<\/p>\n<p>Embora realizada este ano, a frente deste projeto, o professor Alexandre Baboni come\u00e7ou a juntar lacres h\u00e1 2 anos. Entre amigos e familiares, ele percebeu que a for\u00e7a seria maior se levasse a ideia para o col\u00e9gio. \u201cNo Salesiano praticamos a solidariedade, somos uma escola cat\u00f3lica inclusiva, cidad\u00e3 e acolhedora, construindo um mundo mais afetuoso, com respeito e empatia ao pr\u00f3ximo, e posso afirmar com alegria que o nosso objetivo foi alcan\u00e7ado. Ver as crian\u00e7as se engajarem com seus amigos, vizinhos e conhecidos \u00e9 comprovar que cada um pode fazer a sua parte, ajudando pessoas que precisam\u201d, ele complementa.<\/p>\n<p>H\u00e1 algum tempo se falou que a troca de lacres de latinhas de alum\u00ednio por cadeiras de rodas era \u201clenda urbana\u201d. Por isso, o professor acompanhou todo o processo, entre empresa e ind\u00fastria. Em forma de v\u00eddeo, mostrou para todos os alunos do 2\u00ba a 5\u00ba ano que os lacres arrecadados s\u00e3o derretidos e se transformam em um \u201ctarugo\u201d, este \u00e9 mat\u00e9ria prima para diversas coisas de alum\u00ednio, entre esquadrias de janela, ma\u00e7anetas, rodas de carro, e inclusive, cadeira de rodas. A sensibiliza\u00e7\u00e3o foi t\u00e3o grande que ganhou muita visibilidade no col\u00e9gio Santa Teresinha e todos apoiaram a causa.<\/p>\n<p>O resultado foi al\u00e9m das expectativas, no total de 4 cadeiras de rodas resultadas da arrecada\u00e7\u00e3o de lacres, al\u00e9m da doa\u00e7\u00e3o de 3 cadeiras de rodas de duas m\u00e3es que ficaram envolvidas no projeto. Em agosto, 1 cadeira de roda foi doada para uma senhora carente que por motivos de sa\u00fade, precisava da doa\u00e7\u00e3o. Outras 3 foram doadas para o Lar Ozanam, uma institui\u00e7\u00e3o que cuida de senhoras que precisam de aux\u00edlio di\u00e1rio. A escola est\u00e1 visitando institui\u00e7\u00f5es para a doa\u00e7\u00e3o das outras agora em setembro. \u201cNosso papel \u00e9 fortalecer os alunos para que se tornem cidad\u00e3os independentes, seguros e com valores, e ver o encantamento nos olhos deles n\u00e3o tem pre\u00e7o\u201d, comenta o professor Alexandre.<\/p>\n<p>&nbsp;<\/p>\n<p>Um pequeno lacre faz uma grande diferen\u00e7a na vida de muitas pessoas.<\/p>\n<p>&nbsp;<\/p>\n","protected":false},"excerpt":{"rendered":"<p>\u00a0 Professores, pais e alunos abra\u00e7am projeto simples que fazem a diferen\u00e7a na vida de muitas pessoas Normalmente s\u00e3o pequenas a\u00e7\u00f5es que fazem a diferen\u00e7a na nossa vida, especialmente as boas pr\u00e1ticas em ajudar o pr\u00f3ximo. A iniciativa que come\u00e7ou apenas com o Ensino Fundamental do Col\u00e9gio Salesiano Santa Teresinha, tomou propor\u00e7\u00f5es maiores e envolveu [&hellip;]<\/p>\n","protected":false},"author":1,"featured_media":53147,"comment_status":"open","ping_status":"closed","sticky":false,"template":"","format":"standard","meta":{"footnotes":""},"categories":[4],"tags":[],"class_list":["post-53146","post","type-post","status-publish","format-standard","has-post-thumbnail","hentry","category-cotidiano"],"_links":{"self":[{"href":"https:\/\/catolicanet.net\/wp-cnet\/wp-json\/wp\/v2\/posts\/53146","targetHints":{"allow":["GET"]}}],"collection":[{"href":"https:\/\/catolicanet.net\/wp-cnet\/wp-json\/wp\/v2\/posts"}],"about":[{"href":"https:\/\/catolicanet.net\/wp-cnet\/wp-json\/wp\/v2\/types\/post"}],"author":[{"embeddable":true,"href":"https:\/\/catolicanet.net\/wp-cnet\/wp-json\/wp\/v2\/users\/1"}],"replies":[{"embeddable":true,"href":"https:\/\/catolicanet.net\/wp-cnet\/wp-json\/wp\/v2\/comments?post=53146"}],"version-history":[{"count":1,"href":"https:\/\/catolicanet.net\/wp-cnet\/wp-json\/wp\/v2\/posts\/53146\/revisions"}],"predecessor-version":[{"id":53156,"href":"https:\/\/catolicanet.net\/wp-cnet\/wp-json\/wp\/v2\/posts\/53146\/revisions\/53156"}],"wp:featuredmedia":[{"embeddable":true,"href":"https:\/\/catolicanet.net\/wp-cnet\/wp-json\/wp\/v2\/media\/53147"}],"wp:attachment":[{"href":"https:\/\/catolicanet.net\/wp-cnet\/wp-json\/wp\/v2\/media?parent=53146"}],"wp:term":[{"taxonomy":"category","embeddable":true,"href":"https:\/\/catolicanet.net\/wp-cnet\/wp-json\/wp\/v2\/categories?post=53146"},{"taxonomy":"post_tag","embeddable":true,"href":"https:\/\/catolicanet.net\/wp-cnet\/wp-json\/wp\/v2\/tags?post=53146"}],"curies":[{"name":"wp","href":"https:\/\/api.w.org\/{rel}","templated":true}]}}