{"id":53070,"date":"2019-09-02T10:15:08","date_gmt":"2019-09-02T13:15:08","guid":{"rendered":"http:\/\/catolicanet.net\/wp-cnet\/?p=53070"},"modified":"2019-09-03T10:16:55","modified_gmt":"2019-09-03T13:16:55","slug":"conselho-missionario-do-regional-nordeste-1-realiza-aprofundamento-missionario-nos-dias-30-08-a-01-09","status":"publish","type":"post","link":"https:\/\/catolicanet.net\/wp-cnet\/conselho-missionario-do-regional-nordeste-1-realiza-aprofundamento-missionario-nos-dias-30-08-a-01-09\/","title":{"rendered":"Conselho Mission\u00e1rio do Regional Nordeste 1 realiza aprofundamento mission\u00e1rio nos dias 30\/08 a 01\/09"},"content":{"rendered":"<p>Representa\u00e7\u00f5es mission\u00e1rias de 8 das 9 dioceses do Cear\u00e1 estiveram reunidas neste final de semana,\u00a0 de 30\/08 a 01\/09, em Ubajara (CE) participando da Forma\u00e7\u00e3o Mission\u00e1ria Regional. O encontro, promovido pelo Conselho Mission\u00e1rio Regional (COMIRE) aconteceu no Centro Pastoral Padre Moacir Melo, pertencente a diocese de Tiangu\u00e1. Al\u00e9m do Comire e do bispo referencial para a A\u00e7\u00e3o Mission\u00e1ria, dom Ailton Menegussi; coordena\u00e7\u00f5es regionais e diocesanas dos COMIDI\u2019s, Juventude Mission\u00e1ria, Inf\u00e2ncia e Adolesc\u00eancia Mission\u00e1ria e COMISE\u2019s se fizeram presentes. O grupo dos participantes, cerca de 45 pessoas, s\u00e3o em sua maioria leigos, somados as religiosas, seminaristas, padres, di\u00e1cono e bispo.<\/p>\n<p>Confira <a href=\"http:\/\/www.cnbbne1.org.br\/comire-regional-ne-1-realiza-aprofundamento-missionario\/\">a not\u00edcia na \u00edntegra<\/a>.<\/p>\n","protected":false},"excerpt":{"rendered":"<p>Representa\u00e7\u00f5es mission\u00e1rias de 8 das 9 dioceses do Cear\u00e1 estiveram reunidas neste final de semana,\u00a0 de 30\/08 a 01\/09, em Ubajara (CE) participando da Forma\u00e7\u00e3o Mission\u00e1ria Regional. O encontro, promovido pelo Conselho Mission\u00e1rio Regional (COMIRE) aconteceu no Centro Pastoral Padre Moacir Melo, pertencente a diocese de Tiangu\u00e1. Al\u00e9m do Comire e do bispo referencial para [&hellip;]<\/p>\n","protected":false},"author":1,"featured_media":53071,"comment_status":"open","ping_status":"closed","sticky":false,"template":"","format":"standard","meta":{"footnotes":""},"categories":[7],"tags":[],"class_list":["post-53070","post","type-post","status-publish","format-standard","has-post-thumbnail","hentry","category-cnbb"],"_links":{"self":[{"href":"https:\/\/catolicanet.net\/wp-cnet\/wp-json\/wp\/v2\/posts\/53070","targetHints":{"allow":["GET"]}}],"collection":[{"href":"https:\/\/catolicanet.net\/wp-cnet\/wp-json\/wp\/v2\/posts"}],"about":[{"href":"https:\/\/catolicanet.net\/wp-cnet\/wp-json\/wp\/v2\/types\/post"}],"author":[{"embeddable":true,"href":"https:\/\/catolicanet.net\/wp-cnet\/wp-json\/wp\/v2\/users\/1"}],"replies":[{"embeddable":true,"href":"https:\/\/catolicanet.net\/wp-cnet\/wp-json\/wp\/v2\/comments?post=53070"}],"version-history":[{"count":1,"href":"https:\/\/catolicanet.net\/wp-cnet\/wp-json\/wp\/v2\/posts\/53070\/revisions"}],"predecessor-version":[{"id":53072,"href":"https:\/\/catolicanet.net\/wp-cnet\/wp-json\/wp\/v2\/posts\/53070\/revisions\/53072"}],"wp:featuredmedia":[{"embeddable":true,"href":"https:\/\/catolicanet.net\/wp-cnet\/wp-json\/wp\/v2\/media\/53071"}],"wp:attachment":[{"href":"https:\/\/catolicanet.net\/wp-cnet\/wp-json\/wp\/v2\/media?parent=53070"}],"wp:term":[{"taxonomy":"category","embeddable":true,"href":"https:\/\/catolicanet.net\/wp-cnet\/wp-json\/wp\/v2\/categories?post=53070"},{"taxonomy":"post_tag","embeddable":true,"href":"https:\/\/catolicanet.net\/wp-cnet\/wp-json\/wp\/v2\/tags?post=53070"}],"curies":[{"name":"wp","href":"https:\/\/api.w.org\/{rel}","templated":true}]}}