{"id":53034,"date":"2019-08-29T16:04:34","date_gmt":"2019-08-29T19:04:34","guid":{"rendered":"http:\/\/catolicanet.net\/wp-cnet\/?p=53034"},"modified":"2019-08-30T16:15:52","modified_gmt":"2019-08-30T19:15:52","slug":"iraque-igreja-catolica-siria-restabelece-arquieparquia-em-favor-de-cristaos-perseguidos","status":"publish","type":"post","link":"https:\/\/catolicanet.net\/wp-cnet\/iraque-igreja-catolica-siria-restabelece-arquieparquia-em-favor-de-cristaos-perseguidos\/","title":{"rendered":"Iraque: Igreja cat\u00f3lica s\u00edria restabelece arquieparquia em favor de crist\u00e3os perseguidos"},"content":{"rendered":"<p>O patriarca da igreja Cat\u00f3lica S\u00edria, Dom Ignace Joseph III Younan, restabeleceu oficialmente uma arquieparquia e seu arcebispo para voltar a prestar assist\u00eancia pastoral aos cl\u00e9rigos e crist\u00e3os que vivem na regi\u00e3o do Curdist\u00e3o, no norte do Iraque, onde chegaram em 2014 fugindo do Estado Isl\u00e2mico.<\/p>\n<p>O Patriarca celebrou uma missa, no dia 24 de agosto, na Catedral da Rainha da Paz, em Erbil, para comemorar a assun\u00e7\u00e3o do novo bispo da arquieparquia de Hadiab-Erbil e do restante da regi\u00e3o do Curdist\u00e3o, o Arcebispo s\u00edrio cat\u00f3lico Dom Natanael Nizar Semaan.<\/p>\n<p><iframe loading=\"lazy\" src=\"https:\/\/www.facebook.com\/plugins\/post.php?href=https%3A%2F%2Fwww.facebook.com%2F231867580592421%2Fphotos%2Fa.713081542471020%2F713081695804338%2F%3Ftype%3D3&amp;width=500\" width=\"500\" height=\"335\" frameborder=\"0\" scrolling=\"no\" data-mce-fragment=\"1\"><\/iframe><\/p>\n<p>Dom Semaan foi ordenado arcebispo coadjutor de Mossul, em 7 de junho de 2019, e depois nomeado arcebispo da nova arquieparquia, em 28 de junho. A arquieparquia de Hadiab foi fundada no s\u00e9culo XIII, mas foi dissolvida em meados do s\u00e9culo XVII.<\/p>\n<p>\u201cH\u00e1 cinco anos, em Mossul e na Plan\u00edcie de N\u00ednive, apelamos ao Todo-Poderoso, o mestre do universo, e ao amor do homem, sua criatura suprema, para preservar o povo da regi\u00e3o do Curdist\u00e3o com sua poderosa prote\u00e7\u00e3o, e dar ao seu presidente, ao seu governo e a todos os cidad\u00e3os, tudo o que precisam para exercer suas responsabilidades com sabedoria e sucesso\u201d, afirmou o Patriarca Ignace Joseph III, em sua homilia.<\/p>\n<p>Tamb\u00e9m disse que, sem d\u00favida, &#8220;o servi\u00e7o episcopal de uma diocese restabelecida requer muita sabedoria e conhecimento&#8221;.<\/p>\n<p>Nesse sentido, garantiu que Dom Nizar Semaan n\u00e3o confia apenas na &#8220;gra\u00e7a divina&#8221;, mas &#8220;se comprometeu a encarnar seu chamado ao minist\u00e9rio episcopal&#8221; para se tornar &#8220;testemunha criativa do amor&#8221;, com &#8220;doa\u00e7\u00f5es generosas que n\u00e3o conhecem limites ou fronteiras\u201d.<\/p>\n<p>\u201cO novo bispo enfatiza o conceito de seu chamado do Senhor, que o escolheu para embarcar corajosamente em um caminho que n\u00e3o estar\u00e1 isento de dificuldades e desafios, no qual, sem d\u00favida, h\u00e1 uma gra\u00e7a divina eficaz, garantindo o sucesso e enchendo seu cora\u00e7\u00e3o de consolo e alegria\u201d, acrescentou.<\/p>\n<p>Em sua homilia, o Arcebispo tamb\u00e9m refletiu sobre &#8220;os tristes resultados&#8221; do deslocamento nos \u00faltimos anos na regi\u00e3o do Oriente M\u00e9dio.<\/p>\n<p>\u201cTodos nos lembramos desses ataques terroristas que deixaram assassinatos, destrui\u00e7\u00e3o e deslocamento. Dezenas de milhares de fi\u00e9is inocentes foram arrancados de uma terra que foi derramada com o sangue e o suor dos pais e av\u00f3s, for\u00e7ando muitas fam\u00edlias a fugirem em muitos pa\u00edses\u201d, expressou.<\/p>\n<p><iframe loading=\"lazy\" src=\"https:\/\/www.facebook.com\/plugins\/post.php?href=https%3A%2F%2Fwww.facebook.com%2F231867580592421%2Fphotos%2Fa.713081542471020%2F713081605804347%2F%3Ftype%3D3&amp;width=500\" width=\"500\" height=\"335\" frameborder=\"0\" scrolling=\"no\" data-mce-fragment=\"1\"><\/iframe><\/p>\n<p>Por outro lado, elogiou os fi\u00e9is por serem \u201ca encarna\u00e7\u00e3o da f\u00e9 viva e um testemunho do desafio e firmeza em meio ao terrorismo takfiri (mu\u00e7ulmano que acusa outro mu\u00e7ulmano de apostasia) e contra as for\u00e7as do mal que queriam matar a esperan\u00e7a em suas almas fi\u00e9is\u201d.<\/p>\n<p>&#8220;Digo e repito: voc\u00eas carregaram a cruz no exemplo do Salvador, nosso divino mestre, e perseveraram em sua f\u00e9, em sua heran\u00e7a e em sua esperan\u00e7a, que tem sido admirada em todo o mundo, tanto no Oriente quanto no Ocidente&#8221;, comentou o Patriarca.<\/p>\n<p>Em 2014, o grupo terrorista Estado Isl\u00e2mico conquistou grande parte do norte do Iraque, especialmente a Plan\u00edcie de N\u00ednive, onde fica a maioria da popula\u00e7\u00e3o crist\u00e3 iraquiana. Isso causou um \u00eaxodo de crist\u00e3os para Erbil, na regi\u00e3o vizinha do Curdist\u00e3o iraquiano, onde as tropas peshmerga acolheram e deram prote\u00e7\u00e3o muitos refugiados. L\u00e1, foram protegidos pelo governo regional do Curdist\u00e3o.<\/p>\n<p>Os crist\u00e3os come\u00e7aram a retornar a Mossul e \u00e0 Plan\u00edcie de N\u00ednive depois que o ex\u00e9rcito iraquiano recuperou o controle da regi\u00e3o em julho de 2017, embora muitos deles permane\u00e7am no Curdist\u00e3o.<\/p>\n<p>Os terroristas destru\u00edram cidades e bairros inteiros. As igrejas foram destru\u00eddas ou transformadas em quart\u00e9is dos jihadistas, os cemit\u00e9rios foram profanados, a infraestrutura desmantelada.<\/p>\n<p>O governo regional do Curdist\u00e3o forneceu duas terras em Ainkawa e Dahuk, cada uma dedicada \u00e0 constru\u00e7\u00e3o de uma igreja cat\u00f3lica s\u00edria.<\/p>\n<p>Em 2003, havia aproximadamente 1,5 milh\u00e3o de crist\u00e3os no Iraque. Sua presen\u00e7a remonta aos tempos apost\u00f3licos. Agora esse n\u00famero diminuiu para aproximadamente 250 mil, segundo observadores internacionais.<\/p>\n","protected":false},"excerpt":{"rendered":"<p>O patriarca da igreja Cat\u00f3lica S\u00edria, Dom Ignace Joseph III Younan, restabeleceu oficialmente uma arquieparquia e seu arcebispo para voltar a prestar assist\u00eancia pastoral aos cl\u00e9rigos e crist\u00e3os que vivem na regi\u00e3o do Curdist\u00e3o, no norte do Iraque, onde chegaram em 2014 fugindo do Estado Isl\u00e2mico. O Patriarca celebrou uma missa, no dia 24 de [&hellip;]<\/p>\n","protected":false},"author":1,"featured_media":53035,"comment_status":"open","ping_status":"closed","sticky":false,"template":"","format":"standard","meta":{"footnotes":""},"categories":[4],"tags":[],"class_list":["post-53034","post","type-post","status-publish","format-standard","has-post-thumbnail","hentry","category-cotidiano"],"_links":{"self":[{"href":"https:\/\/catolicanet.net\/wp-cnet\/wp-json\/wp\/v2\/posts\/53034","targetHints":{"allow":["GET"]}}],"collection":[{"href":"https:\/\/catolicanet.net\/wp-cnet\/wp-json\/wp\/v2\/posts"}],"about":[{"href":"https:\/\/catolicanet.net\/wp-cnet\/wp-json\/wp\/v2\/types\/post"}],"author":[{"embeddable":true,"href":"https:\/\/catolicanet.net\/wp-cnet\/wp-json\/wp\/v2\/users\/1"}],"replies":[{"embeddable":true,"href":"https:\/\/catolicanet.net\/wp-cnet\/wp-json\/wp\/v2\/comments?post=53034"}],"version-history":[{"count":1,"href":"https:\/\/catolicanet.net\/wp-cnet\/wp-json\/wp\/v2\/posts\/53034\/revisions"}],"predecessor-version":[{"id":53036,"href":"https:\/\/catolicanet.net\/wp-cnet\/wp-json\/wp\/v2\/posts\/53034\/revisions\/53036"}],"wp:featuredmedia":[{"embeddable":true,"href":"https:\/\/catolicanet.net\/wp-cnet\/wp-json\/wp\/v2\/media\/53035"}],"wp:attachment":[{"href":"https:\/\/catolicanet.net\/wp-cnet\/wp-json\/wp\/v2\/media?parent=53034"}],"wp:term":[{"taxonomy":"category","embeddable":true,"href":"https:\/\/catolicanet.net\/wp-cnet\/wp-json\/wp\/v2\/categories?post=53034"},{"taxonomy":"post_tag","embeddable":true,"href":"https:\/\/catolicanet.net\/wp-cnet\/wp-json\/wp\/v2\/tags?post=53034"}],"curies":[{"name":"wp","href":"https:\/\/api.w.org\/{rel}","templated":true}]}}