{"id":5302,"date":"2014-11-06T17:42:57","date_gmt":"2014-11-06T19:42:57","guid":{"rendered":"http:\/\/catolicanet.net\/wp-cnet\/papa-recebe-alianca-evangelica-e-elogia-esforcos-ecumenicos\/"},"modified":"2017-04-06T16:25:28","modified_gmt":"2017-04-06T19:25:28","slug":"papa-recebe-alianca-evangelica-e-elogia-esforcos-ecumenicos","status":"publish","type":"post","link":"https:\/\/catolicanet.net\/wp-cnet\/papa-recebe-alianca-evangelica-e-elogia-esforcos-ecumenicos\/","title":{"rendered":"Papa recebe Alian\u00e7a Evang\u00e9lica e elogia esfor\u00e7os ecum\u00eanicos"},"content":{"rendered":"<p style=\"text-align: justify;\"><img decoding=\"async\" src=\"http:\/\/catolicanet.com.br\/images\/stories\/geral\/papaalianca.jpg\" border=\"0\" align=\"left\" \/> Na manh\u00e3 de quinta-feira, 06\/11, o Papa recebeu um grupo de membros da Alian\u00e7a Evang\u00e9lica Mundial. Fundada em 1951 por crist\u00e3os de 21 pa\u00edses, a AEM \u00e9 uma estrutura global que re\u00fane 160 milh\u00f5es de crist\u00e3os evang\u00e9licos em 111 pa\u00edses.<\/p>\n<p>\u00abA v\u00f3s, gra\u00e7a e paz da parte de Deus, nosso Pai, e da parte do Senhor Jesus Cristo, que se entregou por nossos pecados, para nos libertar da perversidade do mundo presente, segundo a vontade de Deus, nosso Pai\u00bb (Gal 1,3-4).<\/p>\n<p>Com esta cita\u00e7\u00e3o do Ap\u00f3stolo Paulo, o Papa iniciou seu breve discurso aos membros da Alian\u00e7a, na Biblioteca do Vaticano. Depois de reiterar que a realidade da unidade da f\u00e9 tem seu fundamento no Batismo \u2013 dom divino que temos em comum \u2013 Francisco recordou ainda uma verdade fundamental e consoladora:<\/p>\n<p>\u201cO Senhor sempre nos precede com o seu amor e sua gra\u00e7a. Precede as nossas comunidades; antecipa e prepara os cora\u00e7\u00f5es daqueles que anunciam o Evangelho e daqueles que o acolhem\u201d.<\/p>\n<p>Desde o in\u00edcio, sempre houve divis\u00f5es entre os crist\u00e3os, e ainda hoje, infelizmente, persistem rivalidades e conflitos; uma situa\u00e7\u00e3o que, segundo o Papa, enfraquece a nossa capacidade de cumprir o mandamento de pregar o Evangelho a todas as na\u00e7\u00f5es.<\/p>\n<p>\u201cA realidade de nossas divis\u00f5es deturpa a beleza da t\u00fanica incons\u00fatil de Cristo, mas n\u00e3o destr\u00f3i completamente a profunda unidade gerada pela gra\u00e7a em todos os batizados\u201d, disse Francisco, mencionando o decreto sobre o ecumenismo \u2018Unitatis redintegratio\u2019, do Conc\u00edlio Vaticano II. \u201cCertamente a efic\u00e1cia do an\u00fancio crist\u00e3o seria maior se os crist\u00e3os superassem suas divis\u00f5es, celebrassem os Sacramentos e testemunhassem a caridade juntos\u201d.<\/p>\n<p>O Papa se disse satisfeito pelos esfor\u00e7os conjuntos do Pontif\u00edcio Conselho para a Promo\u00e7\u00e3o da Unidade dos Crist\u00e3os e da Comiss\u00e3o Teol\u00f3gica da EAM, pois esclareceram os mal-entendidos e abriram caminhos para superar preconceitos.<\/p>\n<p>Terminando, Francisco se disse confiante que o Esp\u00edrito Santo inspire na Igreja a coragem para perseverar e tentar novos m\u00e9todos de evangeliza\u00e7\u00e3o: \u201cQue esta nova etapa no relacionamento entre cat\u00f3licos e evang\u00e9licos permita realizar plenamente a vontade do Senhor de levar o Evangelho at\u00e9 os extremos confins da terra\u201d, concluiu, pedindo ora\u00e7\u00f5es de todos para si e seu minist\u00e9rio.<\/p>\n<p>O Brasil e a Alian\u00e7a Evang\u00e9lica Mundial<\/p>\n<p>Os brasileiros, reverendo Bertil Ekstrom, diretor executivo da Comiss\u00e3o de Miss\u00e3o, e a diretora executiva da Comiss\u00e3o Teol\u00f3gica da Alian\u00e7a, Rosalee Ewell, falaram sobre o encontro com o Papa \u00e0 nossa colega Dulce Ara\u00fajo.<\/p>\n<p>Fonte: R\u00e1dio Vaticano<br \/>Local: Cidade do Vaticano<\/p>\n","protected":false},"excerpt":{"rendered":"<p>Na manh\u00e3 de quinta-feira, 06\/11, o Papa recebeu um grupo de membros da Alian\u00e7a Evang\u00e9lica Mundial. Fundada em 1951 por crist\u00e3os de 21 pa\u00edses, a AEM \u00e9 uma estrutura global que re\u00fane 160 milh\u00f5es de crist\u00e3os evang\u00e9licos em 111 pa\u00edses. \u00abA v\u00f3s, gra\u00e7a e paz da parte de Deus, nosso Pai, e da parte do [&hellip;]<\/p>\n","protected":false},"author":1,"featured_media":0,"comment_status":"closed","ping_status":"closed","sticky":false,"template":"","format":"standard","meta":{"footnotes":""},"categories":[3],"tags":[],"class_list":["post-5302","post","type-post","status-publish","format-standard","hentry","category-vaticano"],"_links":{"self":[{"href":"https:\/\/catolicanet.net\/wp-cnet\/wp-json\/wp\/v2\/posts\/5302","targetHints":{"allow":["GET"]}}],"collection":[{"href":"https:\/\/catolicanet.net\/wp-cnet\/wp-json\/wp\/v2\/posts"}],"about":[{"href":"https:\/\/catolicanet.net\/wp-cnet\/wp-json\/wp\/v2\/types\/post"}],"author":[{"embeddable":true,"href":"https:\/\/catolicanet.net\/wp-cnet\/wp-json\/wp\/v2\/users\/1"}],"replies":[{"embeddable":true,"href":"https:\/\/catolicanet.net\/wp-cnet\/wp-json\/wp\/v2\/comments?post=5302"}],"version-history":[{"count":1,"href":"https:\/\/catolicanet.net\/wp-cnet\/wp-json\/wp\/v2\/posts\/5302\/revisions"}],"predecessor-version":[{"id":10168,"href":"https:\/\/catolicanet.net\/wp-cnet\/wp-json\/wp\/v2\/posts\/5302\/revisions\/10168"}],"wp:attachment":[{"href":"https:\/\/catolicanet.net\/wp-cnet\/wp-json\/wp\/v2\/media?parent=5302"}],"wp:term":[{"taxonomy":"category","embeddable":true,"href":"https:\/\/catolicanet.net\/wp-cnet\/wp-json\/wp\/v2\/categories?post=5302"},{"taxonomy":"post_tag","embeddable":true,"href":"https:\/\/catolicanet.net\/wp-cnet\/wp-json\/wp\/v2\/tags?post=5302"}],"curies":[{"name":"wp","href":"https:\/\/api.w.org\/{rel}","templated":true}]}}