{"id":5301,"date":"2014-11-06T16:02:29","date_gmt":"2014-11-06T18:02:29","guid":{"rendered":"http:\/\/catolicanet.net\/wp-cnet\/qo-bom-cristao-sai-de-si-mesmo-e-vai-rumo-a-deusq-diz-o-papa-na-homilia-matutina\/"},"modified":"2017-04-06T16:25:08","modified_gmt":"2017-04-06T19:25:08","slug":"qo-bom-cristao-sai-de-si-mesmo-e-vai-rumo-a-deusq-diz-o-papa-na-homilia-matutina","status":"publish","type":"post","link":"https:\/\/catolicanet.net\/wp-cnet\/qo-bom-cristao-sai-de-si-mesmo-e-vai-rumo-a-deusq-diz-o-papa-na-homilia-matutina\/","title":{"rendered":"&#8220;O bom crist\u00e3o sai de si mesmo e vai rumo a Deus&#8221;, diz o Papa na homilia matutina"},"content":{"rendered":"<p style=\"text-align: justify;\"><img decoding=\"async\" src=\"http:\/\/catolicanet.com.br\/images\/stories\/geral\/papataca.jpg\" border=\"0\" align=\"left\" \/>Na missa da manh\u00e3 desta quinta-feira, 06, o Papa refletiu sobre duas par\u00e1bolas: a da ovelha perdida e a da moeda perdida. Os fariseus e os escribas se escandalizaram porque Jesus \u201cacolheu os pecadores e comeu com eles, o que era um verdadeiro esc\u00e2ndalo naqueles tempos\u201d.<br \/>\u201cEstas duas par\u00e1bolas\u201d \u2013 explicou Francisco \u2013 \u201cnos mostram como \u00e9 o cora\u00e7\u00e3o de Deus. Deus n\u00e3o para, n\u00e3o vai s\u00f3 at\u00e9 certo ponto, mas vai at\u00e9 o fundo, no limite; n\u00e3o para no meio do caminho da salva\u00e7\u00e3o. N\u00e3o diz: \u201cEu fiz tudo, agora o problema \u00e9 deles\u201d. Ele vai, sai\u201d.<br \/>Os fariseus e os escribas, por sua vez, param no meio. Eles se importavam somente que o balan\u00e7o das perdas e ganhos fosse mais ou menos favor\u00e1vel, e ficavam tranquilos. Isto n\u00e3o entrava na cabe\u00e7a de Deus, Deus n\u00e3o \u00e9 um negociante, Deus \u00e9 Pai e salva at\u00e9 o fim, at\u00e9 o limite. O amor de Deus \u00e9 isso\u201d.<br \/><strong>\u201c\u00c9 triste o pastor que abre a porta da Igreja e fica ali, esperando. \u00c9 triste o crist\u00e3o que n\u00e3o sente dentro, no cora\u00e7\u00e3o, a necessidade de contar aos outros que o Senhor \u00e9 bom. Mas quanta pervers\u00e3o existe no cora\u00e7\u00e3o daqueles que se cr\u00eaem justos, como os escribas e os fariseus&#8230; \u00c9, eles n\u00e3o queriam sujar suas m\u00e3os com os pecadores. Lembram-se do que pensavam? \u2018Se ele fosse profeta, saberia que ela \u00e9 uma pecadora\u2019. Usavam as pessoas e depois as desprezavam\u201d. \u201cSer um pastor \u2018pela metade\u2019 \u2013 disse ainda o Pont\u00edfice \u2013 \u00e9 uma derrota. Um pastor deve ter o cora\u00e7\u00e3o de Deus, ir at\u00e9 o limite, porque n\u00e3o quer que ningu\u00e9m se perca\u201d.\u201cO verdadeiro pastor, o verdadeiro crist\u00e3o tem este zelo interior: que ningu\u00e9m se perca. E por isso n\u00e3o tem medo de sujar as m\u00e3os. N\u00e3o tem medo. Vai aonde tem que ir. Arrisca sua vida, sua fama, arrisca perder a sua comodidade, o seu status, perder tamb\u00e9m na carreira eclesi\u00e1stica, mas \u00e9 bom pastor. Tamb\u00e9m os crist\u00e3os devem ser assim. \u00c9 t\u00e3o f\u00e1cil condenar os outros, como faziam os publicanos, os pecadores. \u00c9 t\u00e3o f\u00e1cil, mas n\u00e3o \u00e9 crist\u00e3o, eh? N\u00e3o \u00e9 comportamento de filhos de Deus. O Filho de Deus vai ao limite, d\u00e1 a vida pelo outros, como fez Jesus. N\u00e3o pode ficar tranquilo, protegendo si mesmo: a sua comodidade, a sua fama, a sua tranquilidade. Lembrem-se disso: que jamais existam pastores e crist\u00e3os que ficam no meio do caminho!<\/strong><\/p>\n<p>\u201cO bom pastor, o bom crist\u00e3o \u2013 conclui o Papa &#8211; sai, est\u00e1 sempre em sa\u00edda: est\u00e1 em sa\u00edda de si mesmo, em sa\u00edda rumo a Deus, na ora\u00e7\u00e3o, na adora\u00e7\u00e3o; est\u00e1 em sa\u00edda rumo aos outros para levar a mensagem de salva\u00e7\u00e3o\u201d. E o bom pastor e o bom crist\u00e3o conhecem o que \u00e9 a ternura:<\/p>\n<p><strong>\u201cEsses escribas, fariseus n\u00e3o sabiam o que significa carregar a ovelha sobre os ombros, com ternura, e reconduzi-la a seu lugar, junto \u00e0s outras. Essas pessoas n\u00e3o sabiam o que \u00e9 alegria. O crist\u00e3o e o pastor do meio do caminho talvez conhe\u00e7am a divers\u00e3o, a tranquilidade, mas n\u00e3o a verdadeira alegria que vem de Deus, que vem para salvar! \u00c9 belo n\u00e3o sentir medo de quem fala mal de n\u00f3s para encontrar os irm\u00e3os e irm\u00e3s que est\u00e3o distantes do Senhor. Pe\u00e7amos esta gra\u00e7a para cada um de n\u00f3s e para a nossa M\u00e3e, a Santa Igreja\u201d.<\/strong><\/p>\n<p>Fonte: R\u00e1dio Vaticano<br \/>Local: Cidade do Vaticano<\/p>\n","protected":false},"excerpt":{"rendered":"<p>Na missa da manh\u00e3 desta quinta-feira, 06, o Papa refletiu sobre duas par\u00e1bolas: a da ovelha perdida e a da moeda perdida. Os fariseus e os escribas se escandalizaram porque Jesus \u201cacolheu os pecadores e comeu com eles, o que era um verdadeiro esc\u00e2ndalo naqueles tempos\u201d.\u201cEstas duas par\u00e1bolas\u201d \u2013 explicou Francisco \u2013 \u201cnos mostram como [&hellip;]<\/p>\n","protected":false},"author":1,"featured_media":0,"comment_status":"closed","ping_status":"closed","sticky":false,"template":"","format":"standard","meta":{"footnotes":""},"categories":[3],"tags":[],"class_list":["post-5301","post","type-post","status-publish","format-standard","hentry","category-vaticano"],"_links":{"self":[{"href":"https:\/\/catolicanet.net\/wp-cnet\/wp-json\/wp\/v2\/posts\/5301","targetHints":{"allow":["GET"]}}],"collection":[{"href":"https:\/\/catolicanet.net\/wp-cnet\/wp-json\/wp\/v2\/posts"}],"about":[{"href":"https:\/\/catolicanet.net\/wp-cnet\/wp-json\/wp\/v2\/types\/post"}],"author":[{"embeddable":true,"href":"https:\/\/catolicanet.net\/wp-cnet\/wp-json\/wp\/v2\/users\/1"}],"replies":[{"embeddable":true,"href":"https:\/\/catolicanet.net\/wp-cnet\/wp-json\/wp\/v2\/comments?post=5301"}],"version-history":[{"count":1,"href":"https:\/\/catolicanet.net\/wp-cnet\/wp-json\/wp\/v2\/posts\/5301\/revisions"}],"predecessor-version":[{"id":10167,"href":"https:\/\/catolicanet.net\/wp-cnet\/wp-json\/wp\/v2\/posts\/5301\/revisions\/10167"}],"wp:attachment":[{"href":"https:\/\/catolicanet.net\/wp-cnet\/wp-json\/wp\/v2\/media?parent=5301"}],"wp:term":[{"taxonomy":"category","embeddable":true,"href":"https:\/\/catolicanet.net\/wp-cnet\/wp-json\/wp\/v2\/categories?post=5301"},{"taxonomy":"post_tag","embeddable":true,"href":"https:\/\/catolicanet.net\/wp-cnet\/wp-json\/wp\/v2\/tags?post=5301"}],"curies":[{"name":"wp","href":"https:\/\/api.w.org\/{rel}","templated":true}]}}