{"id":52982,"date":"2019-08-30T08:46:33","date_gmt":"2019-08-30T11:46:33","guid":{"rendered":"http:\/\/catolicanet.net\/wp-cnet\/?p=52982"},"modified":"2019-08-30T08:46:33","modified_gmt":"2019-08-30T11:46:33","slug":"timor-leste-vinte-anos-de-independencia","status":"publish","type":"post","link":"https:\/\/catolicanet.net\/wp-cnet\/timor-leste-vinte-anos-de-independencia\/","title":{"rendered":"Timor Leste. Vinte anos de independ\u00eancia"},"content":{"rendered":"<div class=\"article__subTitle\">Era dia 30 de agosto de 1999, com um referendo, Timor Leste decretava a independ\u00eancia da Indon\u00e9sia que h\u00e1 mais de vinte anos ocupava militarmente a ex-col\u00f4nia portuguesa. Entrevista com o diplomata Marcelo de Oliveira Ramalho, Ministro Conselheiro da Embaixada brasileira junto \u00e0 Santa S\u00e9 que fala sobre a contribui\u00e7\u00e3o brasileira \u00e0 independ\u00eancia<\/div>\n<div class=\"title__separator\"><\/div>\n<div class=\"article__text\">\n<p><b>Silvonei Jos\u00e9, Jane Nogara &#8211; Cidade do Vaticano<\/b><\/p>\n<p>Timor Leste depois de mais de duas d\u00e9cadas de ocupa\u00e7\u00e3o militar na qual, segundo a Comiss\u00e3o de Reconcilia\u00e7\u00e3o Nacional, foram mortos mais de 18 mil timorenses por parte do ex\u00e9rcito de Jacarta, aos quais, acrescenta-se mais de 80 mil v\u00edtimas de torturas e doen\u00e7as finalmente o referendo da independ\u00eancia. Era o dia 30 de agosto de 1999, quando Timor Leste decretava a independ\u00eancia da Indon\u00e9sia que ocupava militarmente a ex-col\u00f4nia portuguesa.<\/p>\n<div>\n<div class=\"article__embed article__embed--unwrap article__embed--dark\">\n<div class=\"article__innerTitle\">Ou\u00e7a e compartilhe!<\/div>\n<!--[if lt IE 9]><script>document.createElement('audio');<\/script><![endif]-->\n<audio class=\"wp-audio-shortcode\" id=\"audio-52982-1\" preload=\"none\" style=\"width: 100%;\" controls=\"controls\"><source type=\"audio\/mpeg\" src=\"https:\/\/media.vaticannews.va\/media\/audio\/s1\/2019\/08\/30\/12\/135196673_F135196673.mp3?_=1\" \/><a href=\"https:\/\/media.vaticannews.va\/media\/audio\/s1\/2019\/08\/30\/12\/135196673_F135196673.mp3\">https:\/\/media.vaticannews.va\/media\/audio\/s1\/2019\/08\/30\/12\/135196673_F135196673.mp3<\/a><\/audio>\n<\/div>\n<\/div>\n<p>Em 18 de setembro de 1999 partiu um contingente de &#8220;capacetes azuis&#8221; das Na\u00e7\u00f5es Unidas, uma for\u00e7a militar internacional para se estabelecer no pa\u00eds e assumir a administra\u00e7\u00e3o provis\u00f3ria de Timor Leste. A miss\u00e3o da for\u00e7a de paz, chefiada pelo brasileiro S\u00e9rgio Vieira de Mello, era a de desarmar os milicianos e auxiliar no processo de transi\u00e7\u00e3o e na reconstru\u00e7\u00e3o do pa\u00eds.<\/p>\n<p>Aos poucos a situa\u00e7\u00e3o foi sendo controlada, com o progressivo desarmamento das mil\u00edcias e o in\u00edcio da reconstru\u00e7\u00e3o de moradias, escolas e do resto da infra-estrutura. Foram realizadas elei\u00e7\u00f5es para a Assembleia Constituinte que elaborou a atual Constitui\u00e7\u00e3o de Timor-Leste, que passou a vigorar no dia 20 de maio de 2002, quando foi devolvida a soberania ao pa\u00eds passando este dia a ser assinalado como Dia da Restaura\u00e7\u00e3o da Independ\u00eancia.<\/p>\n<p>Infelizmente, nos anos seguintes as viol\u00eancias continuaram, como em 2008, com o atentado contra a c\u00fapula de pol\u00edticos da \u00e9poca, o presidente Jos\u00e9 Ramos Horta \u2013 que recebeu o pr\u00eamio Nobel em 1996 junto com o administrador apost\u00f3lico de Dili, Dom Carlos Filipe Ximenes Belo \u2013 e o premi\u00ea Xanana Gusm\u00e3o, l\u00edder do movimento independentista. Estes ataques acabaram provocando a sa\u00edda do Bispo D. Ximenes Belo para a Austr\u00e1lia, e o asilo de Kay Rala Xanana Gusm\u00e3o na embaixada inglesa em Jacarta. Os assassinatos, eram promovidos por mil\u00edcias anti-independ\u00eancia, armadas por membros do ex\u00e9rcito indon\u00e9sio descontentes com o resultado do referendo.<\/p>\n<div>\n<div class=\"article__embed article__embed--unwrap article__embed--dark\">\n<div class=\"article__innerTitle\">Ou\u00e7a a entrevista com o Ministro Conselheiro Marcelo de Oliveira Ramalho<\/div>\n<div>\n<audio class=\"wp-audio-shortcode\" id=\"audio-52982-2\" preload=\"none\" style=\"width: 100%;\" controls=\"controls\"><source type=\"audio\/mpeg\" src=\"https:\/\/media.vaticannews.va\/media\/audio\/s1\/2019\/08\/30\/13\/135196865_F135196865.mp3?_=2\" \/><a href=\"https:\/\/media.vaticannews.va\/media\/audio\/s1\/2019\/08\/30\/13\/135196865_F135196865.mp3\">https:\/\/media.vaticannews.va\/media\/audio\/s1\/2019\/08\/30\/13\/135196865_F135196865.mp3<\/a><\/audio>\n<\/div>\n<\/div>\n<\/div>\n<\/div>\n","protected":false},"excerpt":{"rendered":"<p>Era dia 30 de agosto de 1999, com um referendo, Timor Leste decretava a independ\u00eancia da Indon\u00e9sia que h\u00e1 mais de vinte anos ocupava militarmente a ex-col\u00f4nia portuguesa. Entrevista com o diplomata Marcelo de Oliveira Ramalho, Ministro Conselheiro da Embaixada brasileira junto \u00e0 Santa S\u00e9 que fala sobre a contribui\u00e7\u00e3o brasileira \u00e0 independ\u00eancia Silvonei Jos\u00e9, [&hellip;]<\/p>\n","protected":false},"author":1,"featured_media":52983,"comment_status":"open","ping_status":"closed","sticky":false,"template":"","format":"standard","meta":{"footnotes":""},"categories":[3],"tags":[],"class_list":["post-52982","post","type-post","status-publish","format-standard","has-post-thumbnail","hentry","category-vaticano"],"_links":{"self":[{"href":"https:\/\/catolicanet.net\/wp-cnet\/wp-json\/wp\/v2\/posts\/52982","targetHints":{"allow":["GET"]}}],"collection":[{"href":"https:\/\/catolicanet.net\/wp-cnet\/wp-json\/wp\/v2\/posts"}],"about":[{"href":"https:\/\/catolicanet.net\/wp-cnet\/wp-json\/wp\/v2\/types\/post"}],"author":[{"embeddable":true,"href":"https:\/\/catolicanet.net\/wp-cnet\/wp-json\/wp\/v2\/users\/1"}],"replies":[{"embeddable":true,"href":"https:\/\/catolicanet.net\/wp-cnet\/wp-json\/wp\/v2\/comments?post=52982"}],"version-history":[{"count":1,"href":"https:\/\/catolicanet.net\/wp-cnet\/wp-json\/wp\/v2\/posts\/52982\/revisions"}],"predecessor-version":[{"id":52984,"href":"https:\/\/catolicanet.net\/wp-cnet\/wp-json\/wp\/v2\/posts\/52982\/revisions\/52984"}],"wp:featuredmedia":[{"embeddable":true,"href":"https:\/\/catolicanet.net\/wp-cnet\/wp-json\/wp\/v2\/media\/52983"}],"wp:attachment":[{"href":"https:\/\/catolicanet.net\/wp-cnet\/wp-json\/wp\/v2\/media?parent=52982"}],"wp:term":[{"taxonomy":"category","embeddable":true,"href":"https:\/\/catolicanet.net\/wp-cnet\/wp-json\/wp\/v2\/categories?post=52982"},{"taxonomy":"post_tag","embeddable":true,"href":"https:\/\/catolicanet.net\/wp-cnet\/wp-json\/wp\/v2\/tags?post=52982"}],"curies":[{"name":"wp","href":"https:\/\/api.w.org\/{rel}","templated":true}]}}