{"id":52909,"date":"2019-08-28T13:40:31","date_gmt":"2019-08-28T16:40:31","guid":{"rendered":"http:\/\/catolicanet.net\/wp-cnet\/?p=52909"},"modified":"2019-08-28T13:42:29","modified_gmt":"2019-08-28T16:42:29","slug":"conhecida-como-a-cidade-das-1001-igrejas","status":"publish","type":"post","link":"https:\/\/catolicanet.net\/wp-cnet\/conhecida-como-a-cidade-das-1001-igrejas\/","title":{"rendered":"conhecida como \u201ca cidade das 1001 igrejas\u201d"},"content":{"rendered":"<p class=\"subtitle\">Houve um tempo em que o local competiu em esplendor com o Cairo e Constantinopla, mas todos os seus habitantes partiram nos s\u00e9culos 14 e 15<\/p>\n<h4 class=\"slideshow-cta\">Clique aqui para abrir a galeria de fotos<\/h4>\n<div class=\"base-post-content\">\n<p>Hoje, apenas ru\u00ednas imponentes, cercadas por mais de um quil\u00f4metro de muralhas, testemunham o antigo esplendor de Ani. Em seu apogeu, a cidade era a capital do reino arm\u00eanio Bagratid, que cobria a maior parte do que hoje \u00e9 a Arm\u00eania e grande parte do leste da Turquia.Sua localiza\u00e7\u00e3o geogr\u00e1fica fez de Ani uma encruzilhada natural de rotas comerciais abundantes, e consequentemente a cidade prosperou a ponto de competir, em import\u00e2ncia e beleza, com cidades como Cairo e at\u00e9 mesmo Constantinopla, e era bem conhecida por ser \u201ca cidade das mil e uma igrejas.\u201d Suas igrejas, pal\u00e1cios e fortifica\u00e7\u00f5es estavam entre as mais espl\u00eandidas e tecnicamente avan\u00e7adas do mundo, em sua \u00e9poca.<\/p>\n<p>Mas sua beleza tamb\u00e9m foi, pelo menos em parte, a causa de sua destrui\u00e7\u00e3o: foi saqueada pelos mong\u00f3is em 1236 e depois atingida por um terremoto no in\u00edcio do s\u00e9culo XIV. Assim, a cidade, que tinha uma popula\u00e7\u00e3o de cerca de 200.000 cidad\u00e3os durante seus dias gloriosos, acabou sendo reduzida a um local abandonado.<\/p>\n<p>Hoje, as ru\u00ednas de Ani \u2013 localizadas na Turquia moderna, em territ\u00f3rio que os arm\u00eanios ainda consideram sua terra ancestral \u2013 s\u00e3o constantemente visitadas por turistas, embora o Fundo do Patrim\u00f4nio Mundial e a UNESCO tenham ambos indicado que as constru\u00e7\u00f5es remanescentes est\u00e3o em estado cr\u00edtico. O trabalho de reconstru\u00e7\u00e3o come\u00e7ou apenas recentemente, de acordo com as autoridades locais. <a href=\"https:\/\/pt.aleteia.org\/slideshow\/ani-armenia-cidade-das-1001-igrejas\/?from_post=267021\">Clique aqui para ver algumas fotos do local<\/a>.<\/p>\n<\/div>\n","protected":false},"excerpt":{"rendered":"<p>Houve um tempo em que o local competiu em esplendor com o Cairo e Constantinopla, mas todos os seus habitantes partiram nos s\u00e9culos 14 e 15 Clique aqui para abrir a galeria de fotos Hoje, apenas ru\u00ednas imponentes, cercadas por mais de um quil\u00f4metro de muralhas, testemunham o antigo esplendor de Ani. Em seu apogeu, [&hellip;]<\/p>\n","protected":false},"author":1,"featured_media":52911,"comment_status":"open","ping_status":"closed","sticky":false,"template":"","format":"standard","meta":{"footnotes":""},"categories":[4],"tags":[],"class_list":["post-52909","post","type-post","status-publish","format-standard","has-post-thumbnail","hentry","category-cotidiano"],"_links":{"self":[{"href":"https:\/\/catolicanet.net\/wp-cnet\/wp-json\/wp\/v2\/posts\/52909","targetHints":{"allow":["GET"]}}],"collection":[{"href":"https:\/\/catolicanet.net\/wp-cnet\/wp-json\/wp\/v2\/posts"}],"about":[{"href":"https:\/\/catolicanet.net\/wp-cnet\/wp-json\/wp\/v2\/types\/post"}],"author":[{"embeddable":true,"href":"https:\/\/catolicanet.net\/wp-cnet\/wp-json\/wp\/v2\/users\/1"}],"replies":[{"embeddable":true,"href":"https:\/\/catolicanet.net\/wp-cnet\/wp-json\/wp\/v2\/comments?post=52909"}],"version-history":[{"count":2,"href":"https:\/\/catolicanet.net\/wp-cnet\/wp-json\/wp\/v2\/posts\/52909\/revisions"}],"predecessor-version":[{"id":52912,"href":"https:\/\/catolicanet.net\/wp-cnet\/wp-json\/wp\/v2\/posts\/52909\/revisions\/52912"}],"wp:featuredmedia":[{"embeddable":true,"href":"https:\/\/catolicanet.net\/wp-cnet\/wp-json\/wp\/v2\/media\/52911"}],"wp:attachment":[{"href":"https:\/\/catolicanet.net\/wp-cnet\/wp-json\/wp\/v2\/media?parent=52909"}],"wp:term":[{"taxonomy":"category","embeddable":true,"href":"https:\/\/catolicanet.net\/wp-cnet\/wp-json\/wp\/v2\/categories?post=52909"},{"taxonomy":"post_tag","embeddable":true,"href":"https:\/\/catolicanet.net\/wp-cnet\/wp-json\/wp\/v2\/tags?post=52909"}],"curies":[{"name":"wp","href":"https:\/\/api.w.org\/{rel}","templated":true}]}}