{"id":52906,"date":"2019-08-28T10:58:34","date_gmt":"2019-08-28T13:58:34","guid":{"rendered":"http:\/\/catolicanet.net\/wp-cnet\/?p=52906"},"modified":"2019-08-28T11:00:52","modified_gmt":"2019-08-28T14:00:52","slug":"em-madagascar-esperam-o-papa-como-profeta-e-apostolo-da-paz-e-da-esperanca","status":"publish","type":"post","link":"https:\/\/catolicanet.net\/wp-cnet\/em-madagascar-esperam-o-papa-como-profeta-e-apostolo-da-paz-e-da-esperanca\/","title":{"rendered":"Em Madagascar, esperam o Papa como &#8220;profeta e ap\u00f3stolo da paz e da esperan\u00e7a&#8221;"},"content":{"rendered":"<p>O Papa Francisco chegar\u00e1 \u00e0 \u00c1frica como um &#8220;profeta e ap\u00f3stolo da paz e da esperan\u00e7a&#8221;, disse Pe. Fulgence Ratsimbazafy, superior provincial dos jesu\u00edtas em Madagascar, um dos tr\u00eas pa\u00edses que o Santo Padre visitar\u00e1.<\/p>\n<p>&#8220;Mal posso esperar para ver o entusiasmo do povo durante esta visita do profeta e ap\u00f3stolo da paz e da esperan\u00e7a&#8221;, afirmou o sacerdote \u00e0 ACI \u00c1frica, ag\u00eancia do Grupo ACI.<\/p>\n<p>O Papa Francisco iniciar\u00e1 sua nova viagem apost\u00f3lica \u00e0 \u00c1frica visitando Mo\u00e7ambique, em 4 de setembro. Depois, ir\u00e1 a Madagascar, em 6 de setembro, e concluir\u00e1 sua visita a Maur\u00edcio, no dia 9 de setembro. Retornar\u00e1 a Roma a partir de Madagascar, em 10 de setembro.<\/p>\n<p>Os tr\u00eas pa\u00edses sofreram trag\u00e9dias que os privaram da paz e deixaram os cidad\u00e3os sem esperan\u00e7a. No caso de Madagascar, desde 1947 teve nove incidentes de viol\u00eancia.<\/p>\n<p>Em meio a estes desafios, o sacerdote jesu\u00edta expressou a esperan\u00e7a de que os l\u00edderes e cidad\u00e3os dos pa\u00edses africanos a serem visitados prestem aten\u00e7\u00e3o ao chamado prof\u00e9tico do Santo Padre.<\/p>\n<p>\u201cEspero que sua voz prof\u00e9tica seja ouvida por l\u00edderes pol\u00edticos e tamb\u00e9m pelo povo. O continente precisa de um profeta que fale pela paz e d\u00ea esperan\u00e7a \u00e0s pessoas que anseiam por uma vida e um mundo melhores&#8221;, disse.<\/p>\n<p>&#8220;Como mission\u00e1rio, o Papa \u00e9 uma pessoa e um ap\u00f3stolo das boas novas&#8221;, disse Pe. Ratsimbazafy.<\/p>\n<p>Em Madagascar, o Papa Francisco ter\u00e1 um encontro com os bispos, em 7 de setembro, na Catedral de Andohalo. No dia seguinte, se encontrar\u00e1 com sacerdotes, religiosos e seminaristas na Universidade de S\u00e3o Miguel.<\/p>\n<p>Sobre estes encontros, o superior provincial jesu\u00edta disse que o Pont\u00edfice &#8220;tem que apoiar seus irm\u00e3os e irm\u00e3s que servem ao povo de Deus&#8221;.<\/p>\n<p>&#8220;Como jesu\u00edta, estamos felizes de conhecer fisicamente a quem envia seus irm\u00e3os e companheiros para fazer o trabalho e a vontade de Deus para o bem de seu povo&#8221; e do mundo, disse Pe. Ratsimbazafy \u00e0 ACI \u00c1frica.<\/p>\n<p>Em Madagascar, 25% dos 25,6 milh\u00f5es de habitantes s\u00e3o cat\u00f3licos, distribu\u00eddos nas 22 dioceses. A visita a este pa\u00eds tem o lema &#8220;Semeador de paz e de esperan\u00e7a&#8221;.<\/p>\n<p>O Santo Padre tamb\u00e9m se reunir\u00e1 com autoridades do governo e visitar\u00e1 um hospital na capital de Madagascar, Antananarivo. Tamb\u00e9m visitar\u00e1 o t\u00famulo do Beato Victoire Rasoamanarivo.<\/p>\n<p>&#8220;Que a visita do Papa traga a paz e d\u00ea esperan\u00e7a ao povo&#8221;, disse o provincial jesu\u00edta.<\/p>\n<p>&#8220;Espero que traga um novo entusiasmo aos fi\u00e9is e a todas as pessoas para que possam responder e enfrentar os v\u00e1rios desafios da vida que temos no continente&#8221;, concluiu Pe. Ratsimbazafy.<\/p>\n","protected":false},"excerpt":{"rendered":"<p>O Papa Francisco chegar\u00e1 \u00e0 \u00c1frica como um &#8220;profeta e ap\u00f3stolo da paz e da esperan\u00e7a&#8221;, disse Pe. Fulgence Ratsimbazafy, superior provincial dos jesu\u00edtas em Madagascar, um dos tr\u00eas pa\u00edses que o Santo Padre visitar\u00e1. &#8220;Mal posso esperar para ver o entusiasmo do povo durante esta visita do profeta e ap\u00f3stolo da paz e da [&hellip;]<\/p>\n","protected":false},"author":1,"featured_media":52907,"comment_status":"open","ping_status":"closed","sticky":false,"template":"","format":"standard","meta":{"footnotes":""},"categories":[13],"tags":[],"class_list":["post-52906","post","type-post","status-publish","format-standard","has-post-thumbnail","hentry","category-featured"],"_links":{"self":[{"href":"https:\/\/catolicanet.net\/wp-cnet\/wp-json\/wp\/v2\/posts\/52906","targetHints":{"allow":["GET"]}}],"collection":[{"href":"https:\/\/catolicanet.net\/wp-cnet\/wp-json\/wp\/v2\/posts"}],"about":[{"href":"https:\/\/catolicanet.net\/wp-cnet\/wp-json\/wp\/v2\/types\/post"}],"author":[{"embeddable":true,"href":"https:\/\/catolicanet.net\/wp-cnet\/wp-json\/wp\/v2\/users\/1"}],"replies":[{"embeddable":true,"href":"https:\/\/catolicanet.net\/wp-cnet\/wp-json\/wp\/v2\/comments?post=52906"}],"version-history":[{"count":1,"href":"https:\/\/catolicanet.net\/wp-cnet\/wp-json\/wp\/v2\/posts\/52906\/revisions"}],"predecessor-version":[{"id":52908,"href":"https:\/\/catolicanet.net\/wp-cnet\/wp-json\/wp\/v2\/posts\/52906\/revisions\/52908"}],"wp:featuredmedia":[{"embeddable":true,"href":"https:\/\/catolicanet.net\/wp-cnet\/wp-json\/wp\/v2\/media\/52907"}],"wp:attachment":[{"href":"https:\/\/catolicanet.net\/wp-cnet\/wp-json\/wp\/v2\/media?parent=52906"}],"wp:term":[{"taxonomy":"category","embeddable":true,"href":"https:\/\/catolicanet.net\/wp-cnet\/wp-json\/wp\/v2\/categories?post=52906"},{"taxonomy":"post_tag","embeddable":true,"href":"https:\/\/catolicanet.net\/wp-cnet\/wp-json\/wp\/v2\/tags?post=52906"}],"curies":[{"name":"wp","href":"https:\/\/api.w.org\/{rel}","templated":true}]}}