{"id":5288,"date":"2014-11-02T03:00:00","date_gmt":"2014-11-02T05:00:00","guid":{"rendered":"http:\/\/catolicanet.net\/wp-cnet\/celebracao-de-finados\/"},"modified":"2017-04-06T16:16:42","modified_gmt":"2017-04-06T19:16:42","slug":"celebracao-de-finados","status":"publish","type":"post","link":"https:\/\/catolicanet.net\/wp-cnet\/celebracao-de-finados\/","title":{"rendered":"Celebra\u00e7\u00e3o de Finados"},"content":{"rendered":"<p style=\"text-align: justify;\">No in\u00edcio de novembro celebramos a comemora\u00e7\u00e3o de todos os fi\u00e9is defuntos. \u00c9 uma oportunidade de reflex\u00e3o e ora\u00e7\u00e3o. \u00c9 um tempo precioso para pensarmos em nossas vidas e rezarmos pelos entes queridos.<br \/>Este dia deve ser um dia de ora\u00e7\u00e3o, de homenagem crist\u00e3 aos nossos entes queridos falecidos, e, tamb\u00e9m, um dia de reflex\u00e3o sobre o mist\u00e9rio da morte e da ressurrei\u00e7\u00e3o que marcam nossas vidas. Assim falou Jesus: \u201cEu sou a ressurrei\u00e7\u00e3o e a vida, quem cr\u00ea em mim ainda que esteja morto viver\u00e1\u201d (Jo 11, 24). Em outra passagem, Ele disse: \u201cTodo aquele que cr\u00ea em mim n\u00e3o morrer\u00e1 para sempre\u201d (Jo 11, 26). Nascemos para viver eternamente. Com a morte, terminamos de nascer. A morte, para os que t\u00eam f\u00e9, n\u00e3o interrompe a vida. Deus nos criou para a vida e felicidade plenas. Os que partem deste mundo descansam para sempre na paz, na alegria, no conv\u00edvio dos anjos e santos, na plena e eterna felicidade que s\u00f3 encontramos na comunh\u00e3o com Deus.<br \/>Para o crist\u00e3o, a morte \u00e9 o come\u00e7o de uma nova vida, realizando sempre o que de bom ele esperou e vislumbrou pela f\u00e9 neste mundo. \u00c9 o coroamento da vida e a plena realiza\u00e7\u00e3o humana e crist\u00e3. Na perspectiva crist\u00e3, a \u201cmorte se torna bendita porque \u00e9 nossa liberta\u00e7\u00e3o\u201d. Recordemos o pref\u00e1cio dos mortos: \u201c\u00d3, Pai, para os que creem em v\u00f3s a vida n\u00e3o \u00e9 tirada, mas transformada, e desfeito o nosso corpo mortal, nos \u00e9 dado, nos c\u00e9us, um corpo imperec\u00edvel e aos que a certeza da morte entristece, a promessa da imortalidade consola\u201d. <br \/>Devemos nos lembrar de que a vida eterna come\u00e7a aqui e agora. Quem vive com Deus neste mundo, viver\u00e1 com Ele eternamente. Quem vive com Cristo, viver\u00e1 com Ele na outra vida. Quem vive no amor e na harmonia com seus irm\u00e3os, continuar\u00e1 na outra vida na plenitude do amor. Quem vive uma vida reconciliada e pacificada com seus irm\u00e3os, tamb\u00e9m continuar\u00e1 na outra vida na perfeita reconcilia\u00e7\u00e3o. Por isso, a hora de amar a Deus e servir os irm\u00e3os \u00e9 agora. N\u00e3o deixe para amanh\u00e3 o que voc\u00ea pode fazer hoje! <br \/>No encontro final com Deus, de nada vale o dinheiro, o sucesso, o prest\u00edgio, a beleza, a fama etc. Por\u00e9m, o que conta s\u00e3o nossas boas obras e a retid\u00e3o do agir. Levaremos em nossa bagagem o bem realizado ao longo da vida, sobretudo a caridade\u00a0 para com os mais pobres. Lembremo-nos: \u201cVinde, benditos do meu Pai, recebei por heran\u00e7a o reino preparado para v\u00f3s desde a funda\u00e7\u00e3o do mundo. Pois tive com fome e me deste de comer. Tive sede e me deste de beber. Estive nu e me vestistes\u201d (Mt,25,34). Esta passagem b\u00edblica nos revela que o crit\u00e9rio para o julgamento final ser\u00e1 o exerc\u00edcio do amor e da caridade para com o pr\u00f3ximo, sobretudo os exclu\u00eddos, que s\u00e3o os mais pobres dentre os pobres, os quais n\u00e3o participam do banquete da vida.<br \/>Ao rezarmos e recordarmos dos nossos entes queridos no dia de Finados, somos tamb\u00e9m chamados a dar um sentido \u00e0s nossas vidas e aproveitar cada instante para fazer o bem. <br \/>S\u00e3o muitos os necessitados ao nosso redor. Temos urg\u00eancia de encontr\u00e1-los como irm\u00e3os neste mundo, antes de termos de nos defrontar com eles como nossos ju\u00edzes diante de Deus! Por isso, o pobre necessitado que bate \u00e0 nossa porta, al\u00e9m de testar a nossa caridade crist\u00e3, pode se transformar num canal ou instrumento de nossa salva\u00e7\u00e3o. <br \/>Frederico Ozanan, fundador dos vicentinos, afirmou: \u201cPrecisamos olhar para o pobre como algu\u00e9m que \u00e9 igual ou superior a n\u00f3s. Porque ele suporta aquilo que n\u00f3s n\u00e3o suportamos: fome, mis\u00e9ria, doen\u00e7as, falta de moradia e conforto material\u201d.<br \/> N\u00e3o nos esque\u00e7amos de que, al\u00e9m dos simbolismos das flores, velas e visitas aos Cemit\u00e9rios, precisamos oferecer pelos irm\u00e3os falecidos ora\u00e7\u00f5es, s\u00faplicas de perd\u00e3o, sacrif\u00edcios e esmolas aos pobres (caridade). Coloquemos inten\u00e7\u00f5es nas missas em sufr\u00e1gio de nossos entes queridos e das almas do purgat\u00f3rio. S\u00e3o estes gestos crist\u00e3os que agradam a Deus e retornam para nossas vidas em forma de b\u00ean\u00e7\u00e3o, de alegria e conforto espiritual. A santa Missa, sacrif\u00edcio eucar\u00edstico, \u00e9, sem d\u00favida, o maior presente aos mortos. A Igreja oferece o sacrif\u00edcio eucar\u00edstico da p\u00e1scoa de Cristo e eleva a Deus suas ora\u00e7\u00f5es e sufr\u00e1gios pela salva\u00e7\u00e3o de todos os fi\u00e9is defuntos, pois suas almas devem ser purificadas para serem recebidas nos c\u00e9us entre os santos eleitos. Tamb\u00e9m se pode lucrar uma indulg\u00eancia plen\u00e1ria aplic\u00e1vel aos defuntos nesses dias. A Igreja concede aos sacerdotes a faculdade de celebrar tr\u00eas missas no dia de Finados.<br \/> Tamb\u00e9m diante de tantas solicita\u00e7\u00f5es e prega\u00e7\u00f5es nos cemit\u00e9rios, este dia \u00e9 um momento importante para, al\u00e9m de rezar pelos falecidos, fazer uma grande evangeliza\u00e7\u00e3o, anunciando a Boa Nova aos que se encontram por l\u00e1. Anunciar a Boa Nova da salva\u00e7\u00e3o em Cristo, ajudar na cura dos cora\u00e7\u00f5es feridos e proclamar a esperan\u00e7a na vida eterna \u00e9 necess\u00e1rio para muitos nesses dias.<br \/> Que as almas de todos os fi\u00e9is defuntos, pela infinita bondade e miseric\u00f3rdia de Deus, descansem para sempre na paz e na eternidade da luz de Cristo!<\/p>\n","protected":false},"excerpt":{"rendered":"<p>No in\u00edcio de novembro celebramos a comemora\u00e7\u00e3o de todos os fi\u00e9is defuntos. \u00c9 uma oportunidade de reflex\u00e3o e ora\u00e7\u00e3o. \u00c9 um tempo precioso para pensarmos em nossas vidas e rezarmos pelos entes queridos.Este dia deve ser um dia de ora\u00e7\u00e3o, de homenagem crist\u00e3 aos nossos entes queridos falecidos, e, tamb\u00e9m, um dia de reflex\u00e3o sobre [&hellip;]<\/p>\n","protected":false},"author":5,"featured_media":0,"comment_status":"closed","ping_status":"closed","sticky":false,"template":"","format":"standard","meta":{"footnotes":""},"categories":[9],"tags":[],"class_list":["post-5288","post","type-post","status-publish","format-standard","hentry","category-artigos"],"_links":{"self":[{"href":"https:\/\/catolicanet.net\/wp-cnet\/wp-json\/wp\/v2\/posts\/5288","targetHints":{"allow":["GET"]}}],"collection":[{"href":"https:\/\/catolicanet.net\/wp-cnet\/wp-json\/wp\/v2\/posts"}],"about":[{"href":"https:\/\/catolicanet.net\/wp-cnet\/wp-json\/wp\/v2\/types\/post"}],"author":[{"embeddable":true,"href":"https:\/\/catolicanet.net\/wp-cnet\/wp-json\/wp\/v2\/users\/5"}],"replies":[{"embeddable":true,"href":"https:\/\/catolicanet.net\/wp-cnet\/wp-json\/wp\/v2\/comments?post=5288"}],"version-history":[{"count":1,"href":"https:\/\/catolicanet.net\/wp-cnet\/wp-json\/wp\/v2\/posts\/5288\/revisions"}],"predecessor-version":[{"id":10152,"href":"https:\/\/catolicanet.net\/wp-cnet\/wp-json\/wp\/v2\/posts\/5288\/revisions\/10152"}],"wp:attachment":[{"href":"https:\/\/catolicanet.net\/wp-cnet\/wp-json\/wp\/v2\/media?parent=5288"}],"wp:term":[{"taxonomy":"category","embeddable":true,"href":"https:\/\/catolicanet.net\/wp-cnet\/wp-json\/wp\/v2\/categories?post=5288"},{"taxonomy":"post_tag","embeddable":true,"href":"https:\/\/catolicanet.net\/wp-cnet\/wp-json\/wp\/v2\/tags?post=5288"}],"curies":[{"name":"wp","href":"https:\/\/api.w.org\/{rel}","templated":true}]}}