{"id":52877,"date":"2019-08-27T15:53:54","date_gmt":"2019-08-27T18:53:54","guid":{"rendered":"http:\/\/catolicanet.net\/wp-cnet\/?p=52877"},"modified":"2019-08-27T15:53:54","modified_gmt":"2019-08-27T18:53:54","slug":"dom-helder-camara-exemplo-de-vida-a-ser-seguido","status":"publish","type":"post","link":"https:\/\/catolicanet.net\/wp-cnet\/dom-helder-camara-exemplo-de-vida-a-ser-seguido\/","title":{"rendered":"Dom Helder C\u00e2mara: exemplo de vida a ser seguido"},"content":{"rendered":"<div class=\"article__subTitle\">Em 05 de setembro pr\u00f3ximo, o Postulador da Causa de Beatifica\u00e7\u00e3o de Dom Helder C\u00e2mara, Frei Jociel Gomes, da Ordem dos Frades Menores Capuchinhos, entregar\u00e1 oficialmente \u00e0 Congrega\u00e7\u00e3o das Causas dos Santos, a documenta\u00e7\u00e3o relativa a Dom Helder, iniciando a fase romana desse processo.<\/div>\n<div class=\"title__separator\"><\/div>\n<div class=\"article__text\">\n<p><b>Mariangela Jaguraba &#8211; Cidade do Vaticano<\/b><\/p>\n<p>Completam-se, nesta ter\u00e7a-feira (27\/08), vinte anos do falecimento de Dom H\u00e9lder C\u00e2mara, conhecido como \u201cmensageiro da esperan\u00e7a\u201d.<\/p>\n<p>O compromisso social e a defesa dos direitos humanos foram centrais na atividade pastoral de Dom H\u00e9lder. Para recordar este grande homem da Igreja, a Arquidiocese de Olinda e Recife, o Instituto Dom Helder C\u00e2mara e a Companhia Editora Pernambuco convidam a participar da celebra\u00e7\u00e3o da vida prof\u00e9tica de Dom Helder na Igreja da S\u00e9 de Olinda, \u00e0s 19h30 locais, desta ter\u00e7a-feira (27\/08), presidida pelo Arcebispo de Olinda e Recife, Dom Fernando Saburido.<\/p>\n<p>Em 05 de setembro pr\u00f3ximo, o Postulador da Causa de Beatifica\u00e7\u00e3o de Dom Helder C\u00e2mara, Frei Jociel Gomes, da Ordem dos Frades Menores Capuchinhos, entregar\u00e1 oficialmente \u00e0 Congrega\u00e7\u00e3o das Causas dos Santos, a documenta\u00e7\u00e3o relativa a Dom Helder, iniciando a fase romana desse processo.<\/p>\n<p>N\u00f3s contatamos em Recife (PE), o Frei Jociel Gomes, que nos fala sobre Dom Helder C\u00e2mara.<\/p>\n<div>\n<div class=\"article__embed article__embed--unwrap article__embed--dark\">\n<div class=\"article__innerTitle\">Ou\u00e7a a reportagem sobre Dom Helder<\/div>\n<!--[if lt IE 9]><script>document.createElement('audio');<\/script><![endif]-->\n<audio class=\"wp-audio-shortcode\" id=\"audio-52877-1\" preload=\"none\" style=\"width: 100%;\" controls=\"controls\"><source type=\"audio\/mpeg\" src=\"https:\/\/media.vaticannews.va\/media\/audio\/s1\/2019\/08\/27\/18\/135190876_F135190876.mp3?_=1\" \/><a href=\"https:\/\/media.vaticannews.va\/media\/audio\/s1\/2019\/08\/27\/18\/135190876_F135190876.mp3\">https:\/\/media.vaticannews.va\/media\/audio\/s1\/2019\/08\/27\/18\/135190876_F135190876.mp3<\/a><\/audio>\n<\/div>\n<\/div>\n<\/div>\n<div class=\"article__meta article__meta--noicon\"><\/div>\n","protected":false},"excerpt":{"rendered":"<p>Em 05 de setembro pr\u00f3ximo, o Postulador da Causa de Beatifica\u00e7\u00e3o de Dom Helder C\u00e2mara, Frei Jociel Gomes, da Ordem dos Frades Menores Capuchinhos, entregar\u00e1 oficialmente \u00e0 Congrega\u00e7\u00e3o das Causas dos Santos, a documenta\u00e7\u00e3o relativa a Dom Helder, iniciando a fase romana desse processo. Mariangela Jaguraba &#8211; Cidade do Vaticano Completam-se, nesta ter\u00e7a-feira (27\/08), vinte [&hellip;]<\/p>\n","protected":false},"author":1,"featured_media":52878,"comment_status":"open","ping_status":"closed","sticky":false,"template":"","format":"standard","meta":{"footnotes":""},"categories":[3],"tags":[],"class_list":["post-52877","post","type-post","status-publish","format-standard","has-post-thumbnail","hentry","category-vaticano"],"_links":{"self":[{"href":"https:\/\/catolicanet.net\/wp-cnet\/wp-json\/wp\/v2\/posts\/52877","targetHints":{"allow":["GET"]}}],"collection":[{"href":"https:\/\/catolicanet.net\/wp-cnet\/wp-json\/wp\/v2\/posts"}],"about":[{"href":"https:\/\/catolicanet.net\/wp-cnet\/wp-json\/wp\/v2\/types\/post"}],"author":[{"embeddable":true,"href":"https:\/\/catolicanet.net\/wp-cnet\/wp-json\/wp\/v2\/users\/1"}],"replies":[{"embeddable":true,"href":"https:\/\/catolicanet.net\/wp-cnet\/wp-json\/wp\/v2\/comments?post=52877"}],"version-history":[{"count":1,"href":"https:\/\/catolicanet.net\/wp-cnet\/wp-json\/wp\/v2\/posts\/52877\/revisions"}],"predecessor-version":[{"id":52879,"href":"https:\/\/catolicanet.net\/wp-cnet\/wp-json\/wp\/v2\/posts\/52877\/revisions\/52879"}],"wp:featuredmedia":[{"embeddable":true,"href":"https:\/\/catolicanet.net\/wp-cnet\/wp-json\/wp\/v2\/media\/52878"}],"wp:attachment":[{"href":"https:\/\/catolicanet.net\/wp-cnet\/wp-json\/wp\/v2\/media?parent=52877"}],"wp:term":[{"taxonomy":"category","embeddable":true,"href":"https:\/\/catolicanet.net\/wp-cnet\/wp-json\/wp\/v2\/categories?post=52877"},{"taxonomy":"post_tag","embeddable":true,"href":"https:\/\/catolicanet.net\/wp-cnet\/wp-json\/wp\/v2\/tags?post=52877"}],"curies":[{"name":"wp","href":"https:\/\/api.w.org\/{rel}","templated":true}]}}