{"id":52866,"date":"2019-08-26T11:51:22","date_gmt":"2019-08-26T14:51:22","guid":{"rendered":"http:\/\/catolicanet.net\/wp-cnet\/?p=52866"},"modified":"2019-08-27T11:54:04","modified_gmt":"2019-08-27T14:54:04","slug":"uma-santa-passou-pela-cidade-de-monte-alto-sp","status":"publish","type":"post","link":"https:\/\/catolicanet.net\/wp-cnet\/uma-santa-passou-pela-cidade-de-monte-alto-sp\/","title":{"rendered":"Uma santa passou pela cidade de Monte Alto (SP)"},"content":{"rendered":"<p><a href=\"http:\/\/www.osaopaulo.org.br\/colunista\/padre-jose-ulisses-leva\">Padre Jos\u00e9 Ulisses Leva<\/a><\/p>\n<p class=\"rtejustify\">A not\u00edcia da canoniza\u00e7\u00e3o da Irm\u00e3 Dulce dos Pobres, oficializada no consist\u00f3rio de 1\u00ba de julho \u00faltimo, trouxe vibra\u00e7\u00e3o e alegria para a Igreja Cat\u00f3lica no Brasil. Em tempos de notici\u00e1rios alarmantes e preocupantes sobre a Igreja, o an\u00fancio de santidade do \u201cAnjo bom da Bahia\u201d faz entender que, em terras brasileiras, h\u00e1 sinais vis\u00edveis para conhecermos e vivenciarmos plenamente o Evangelho de Jesus.<\/p>\n<p class=\"rtejustify\">Muitos foram os homens e mulheres, nascidos ou n\u00e3o em solo brasileiro, que passaram entre n\u00f3s e viveram profundamente os ensinamentos evang\u00e9licos, tornando-se modelo de vida crist\u00e3. Viveram entre os seus de seu tempo e marcaram suas vidas com o selo da santidade: \u201cSede santos, porque eu, o Senhor vosso Deus, sou santo\u201d (Lv 19,2).<\/p>\n<p class=\"rtejustify\">Madre Assunta Marchetti, nascida em Lombrici di Camaiore, na Prov\u00edncia de Lucca, regi\u00e3o da Toscana, It\u00e1lia, em 15 de agosto de 1871 e falecida em 1\u00ba de julho de 1948, foi beatificada em 25 de outubro de 2014, na Catedral Metropolitana de S\u00e3o Paulo, em missa presidida pelo Cardeal Angelo Amato. Esse tamb\u00e9m foi um momento de profunda alegria para a Igreja, e, indubitavelmente, Monte Alto tamb\u00e9m se rejubilou por t\u00e3o sublime acontecimento eclesial.<\/p>\n<p class=\"rtejustify\">Entre 1924 e 1926, Madre Assunta Marchetti viveu em Monte Alto. A cidade, fundada em 1881, viu sua popula\u00e7\u00e3o crescer com a chegada de muitos campesinos vindos do norte da It\u00e1lia, mormente v\u00eanetos e piemonteses. Uma alegria desses imigrantes italianos foi a ajuda espiritual que receberam dos padres scalabrinianos, fundados em 1887, e das religiosas scalabrinianas, fundadas em 1895, por Dom Jo\u00e3o Batista Scalabrini, para acompanhar os milhares de compatriotas espalhados pelo mundo. Em 1924, Madre Assunta Marchetti fundou a comunidade religiosa, na Santa Casa de Miseric\u00f3rdia, na Cidade Sonho, como Monte Alto \u00e9 carinhosamente conhecida. Orgulhosamente, podemos afirmar que uma santa passou e viveu em Monte Alto, cidade do interior de S\u00e3o Paulo.<\/p>\n<p class=\"rtejustify\">Foi a beatifica\u00e7\u00e3o de Madre Assunta Marchetti um marco para Monte Alto e o surgir de novas voca\u00e7\u00f5es \u00e0 vida religiosa na Igreja. Uma oportunidade para todos os montealtenses conhecerem homens e mulheres que fizeram hist\u00f3ria na Cidade Sonho. Seja, tamb\u00e9m, uma chamada para reconhecer que, mesmo no sil\u00eancio, muitos testemunharam os valores eternos do Reino de Deus entre n\u00f3s. Parab\u00e9ns a todos n\u00f3s, montealtenses, por ocasi\u00e3o da Beatifica\u00e7\u00e3o de Madre Assunta Marchetti.<br \/>\nAlegramo-nos com a Beata Assunta Marchetti. Seja agora, com a canoniza\u00e7\u00e3o da Beata Irm\u00e3 Dulce, para a Igreja Cat\u00f3lica no Brasil, um momento de profundo revisitar de sua a\u00e7\u00e3o evangelizadora, proporcionando aos batizados o encontro com o Divino Pastor rumo \u00e0 santidade, e, aos que ainda n\u00e3o o conhecem, uma chance de apresent\u00e1-Lo por meio desses modelos que chegaram aos c\u00e9us, revestidos da coura\u00e7a da f\u00e9, na viv\u00eancia plena do seu Evangelho.<\/p>\n","protected":false},"excerpt":{"rendered":"<p>Padre Jos\u00e9 Ulisses Leva A not\u00edcia da canoniza\u00e7\u00e3o da Irm\u00e3 Dulce dos Pobres, oficializada no consist\u00f3rio de 1\u00ba de julho \u00faltimo, trouxe vibra\u00e7\u00e3o e alegria para a Igreja Cat\u00f3lica no Brasil. Em tempos de notici\u00e1rios alarmantes e preocupantes sobre a Igreja, o an\u00fancio de santidade do \u201cAnjo bom da Bahia\u201d faz entender que, em terras [&hellip;]<\/p>\n","protected":false},"author":1,"featured_media":41486,"comment_status":"open","ping_status":"closed","sticky":false,"template":"","format":"standard","meta":{"footnotes":""},"categories":[4],"tags":[],"class_list":["post-52866","post","type-post","status-publish","format-standard","has-post-thumbnail","hentry","category-cotidiano"],"_links":{"self":[{"href":"https:\/\/catolicanet.net\/wp-cnet\/wp-json\/wp\/v2\/posts\/52866","targetHints":{"allow":["GET"]}}],"collection":[{"href":"https:\/\/catolicanet.net\/wp-cnet\/wp-json\/wp\/v2\/posts"}],"about":[{"href":"https:\/\/catolicanet.net\/wp-cnet\/wp-json\/wp\/v2\/types\/post"}],"author":[{"embeddable":true,"href":"https:\/\/catolicanet.net\/wp-cnet\/wp-json\/wp\/v2\/users\/1"}],"replies":[{"embeddable":true,"href":"https:\/\/catolicanet.net\/wp-cnet\/wp-json\/wp\/v2\/comments?post=52866"}],"version-history":[{"count":1,"href":"https:\/\/catolicanet.net\/wp-cnet\/wp-json\/wp\/v2\/posts\/52866\/revisions"}],"predecessor-version":[{"id":52867,"href":"https:\/\/catolicanet.net\/wp-cnet\/wp-json\/wp\/v2\/posts\/52866\/revisions\/52867"}],"wp:featuredmedia":[{"embeddable":true,"href":"https:\/\/catolicanet.net\/wp-cnet\/wp-json\/wp\/v2\/media\/41486"}],"wp:attachment":[{"href":"https:\/\/catolicanet.net\/wp-cnet\/wp-json\/wp\/v2\/media?parent=52866"}],"wp:term":[{"taxonomy":"category","embeddable":true,"href":"https:\/\/catolicanet.net\/wp-cnet\/wp-json\/wp\/v2\/categories?post=52866"},{"taxonomy":"post_tag","embeddable":true,"href":"https:\/\/catolicanet.net\/wp-cnet\/wp-json\/wp\/v2\/tags?post=52866"}],"curies":[{"name":"wp","href":"https:\/\/api.w.org\/{rel}","templated":true}]}}