{"id":52854,"date":"2019-08-27T10:55:35","date_gmt":"2019-08-27T13:55:35","guid":{"rendered":"http:\/\/catolicanet.net\/wp-cnet\/?p=52854"},"modified":"2019-08-27T10:55:35","modified_gmt":"2019-08-27T13:55:35","slug":"a-cada-dia-uma-crianca-e-morta-em-idlib","status":"publish","type":"post","link":"https:\/\/catolicanet.net\/wp-cnet\/a-cada-dia-uma-crianca-e-morta-em-idlib\/","title":{"rendered":"A cada dia uma crian\u00e7a \u00e9 morta em Idlib"},"content":{"rendered":"<div class=\"article__subTitle\">A regi\u00e3o de Idlib, no noroeste da S\u00edria, \u00e9 um dos \u00faltimos redutos de combatentes rebeldes ao regime de Assad. As for\u00e7as do governo lan\u00e7aram uma ofensiva por terra e ar. Os combates provocaram um novo \u00eaxodo de civis.<\/div>\n<div class=\"title__separator\"><\/div>\n<div class=\"article__text\">\n<p>Em 17 dias, 17 crian\u00e7as foram mortas em Idlib, na S\u00edria. Uma a cada dia. O alarme dram\u00e1tico foi lan\u00e7ado pela <i>Save the Childre<\/i>n, a organiza\u00e7\u00e3o internacional que luta h\u00e1 cem anos para salvar crian\u00e7as em risco e garantir a elas um futuro.<\/p>\n<div>\n<div class=\"article__embed article__embed--unwrap article__embed--dark\">\n<div class=\"article__innerTitle\">Ou\u00e7a e compartilhe!<\/div>\n<!--[if lt IE 9]><script>document.createElement('audio');<\/script><![endif]-->\n<audio class=\"wp-audio-shortcode\" id=\"audio-52854-1\" preload=\"none\" style=\"width: 100%;\" controls=\"controls\"><source type=\"audio\/mpeg\" src=\"https:\/\/media.vaticannews.va\/media\/audio\/s1\/2019\/08\/27\/13\/135189785_F135189785.mp3?_=1\" \/><a href=\"https:\/\/media.vaticannews.va\/media\/audio\/s1\/2019\/08\/27\/13\/135189785_F135189785.mp3\">https:\/\/media.vaticannews.va\/media\/audio\/s1\/2019\/08\/27\/13\/135189785_F135189785.mp3<\/a><\/audio>\n<\/div>\n<\/div>\n<p>De acordo com os \u00faltimos dados dispon\u00edveis, pelo menos 39 incidentes envolveram estruturas de sa\u00fade ap\u00f3s a escalada de viol\u00eancia que teve in\u00edcio no final de abril. Devido aos cont\u00ednuos riscos para estas estruturas, equipamentos pesados \u200b\u200be registros de pacientes tiveram de ser transferidos para garantir que n\u00e3o fossem destru\u00eddos pelos combates em andamento.<\/p>\n<p>Em menos de tr\u00eas semanas, foi registrado o deslocamento de mais de 70.000 civis. Desde 1\u00ba de maio deste ano, houve mais de 590.000 novos epis\u00f3dios de evacua\u00e7\u00e3o, com fam\u00edlias sendo deslocadas tr\u00eas ou quatro vezes em poucos meses. As imagens de sat\u00e9lite mostram que pelo menos 17 povoados foram quase completamente destru\u00eddos, incluindo \u00e1reas residenciais e comerciais, habitadas por civis.<\/p>\n<p>&#8220;Estamos profundamente preocupados com os crescentes riscos para as crian\u00e7as em Idlib. Elas est\u00e3o particularmente expostas a armas explosivas e foram envolvidas nas viol\u00eancias em andamento nas \u00faltimas semanas. Segundo relatos de nossos parceiros, em Idlib, em 17 dias, pelo menos uma crian\u00e7a foi morta a cada dia\u201d, afirmou Sonia Khush<\/p>\n<p>A diretora nacional da<i> Save the Children<\/i> na S\u00edria\u00a0acrescenta que \u201ccerca de 40.000 crian\u00e7as foram for\u00e7adas a se mudar, muitas vezes n\u00e3o pela primeira vez, nas \u00faltimas tr\u00eas semanas. As escolas est\u00e3o fechadas e as estruturas de sa\u00fade correm enormes riscos em continuar operando. O conflito na S\u00edria n\u00e3o acabou e os filhos de Idlib continuam sofrendo&#8221;.<\/p>\n<h2>Escalada da viol\u00eancia pode afetar 3 milh\u00f5es de civis<\/h2>\n<h2><\/h2>\n<p>O secret\u00e1rio-geral das Na\u00e7\u00f5es Unidas, Ant\u00f3nio Guterres, disse estar profundamente preocupado com a persistente escalada da viol\u00eancia no noroeste da S\u00edria e com a perspectiva de uma ofensiva ainda maior na cidade de Idlib.<\/p>\n<p>Segundo ele, essa situa\u00e7\u00e3o poderia desencadear uma nova onda de sofrimento humano, com poss\u00edvel impacto sobre at\u00e9 3 milh\u00f5es de civis.<\/p>\n<p>O secret\u00e1rio-geral reitera ainda o apelo urgente para que o Memorando de Entendimento de setembro de 2018 sobre Idlib seja mantido.<\/p>\n<p>Para o chefe da ONU \u00e9 importante avan\u00e7ar com o processo pol\u00edtico facilitado pela organiza\u00e7\u00e3o em Genebra, conforme a resolu\u00e7\u00e3o 2254 do Conselho de Seguran\u00e7a.<\/p>\n<p>&nbsp;<\/p>\n<\/div>\n<div class=\"article__embed article__embed--out article__embed--dark article__embed--photogallery\"><\/div>\n<p>&nbsp;<\/p>\n","protected":false},"excerpt":{"rendered":"<p>A regi\u00e3o de Idlib, no noroeste da S\u00edria, \u00e9 um dos \u00faltimos redutos de combatentes rebeldes ao regime de Assad. As for\u00e7as do governo lan\u00e7aram uma ofensiva por terra e ar. Os combates provocaram um novo \u00eaxodo de civis. Em 17 dias, 17 crian\u00e7as foram mortas em Idlib, na S\u00edria. Uma a cada dia. O [&hellip;]<\/p>\n","protected":false},"author":1,"featured_media":52855,"comment_status":"open","ping_status":"closed","sticky":false,"template":"","format":"standard","meta":{"footnotes":""},"categories":[3],"tags":[],"class_list":["post-52854","post","type-post","status-publish","format-standard","has-post-thumbnail","hentry","category-vaticano"],"_links":{"self":[{"href":"https:\/\/catolicanet.net\/wp-cnet\/wp-json\/wp\/v2\/posts\/52854","targetHints":{"allow":["GET"]}}],"collection":[{"href":"https:\/\/catolicanet.net\/wp-cnet\/wp-json\/wp\/v2\/posts"}],"about":[{"href":"https:\/\/catolicanet.net\/wp-cnet\/wp-json\/wp\/v2\/types\/post"}],"author":[{"embeddable":true,"href":"https:\/\/catolicanet.net\/wp-cnet\/wp-json\/wp\/v2\/users\/1"}],"replies":[{"embeddable":true,"href":"https:\/\/catolicanet.net\/wp-cnet\/wp-json\/wp\/v2\/comments?post=52854"}],"version-history":[{"count":1,"href":"https:\/\/catolicanet.net\/wp-cnet\/wp-json\/wp\/v2\/posts\/52854\/revisions"}],"predecessor-version":[{"id":52856,"href":"https:\/\/catolicanet.net\/wp-cnet\/wp-json\/wp\/v2\/posts\/52854\/revisions\/52856"}],"wp:featuredmedia":[{"embeddable":true,"href":"https:\/\/catolicanet.net\/wp-cnet\/wp-json\/wp\/v2\/media\/52855"}],"wp:attachment":[{"href":"https:\/\/catolicanet.net\/wp-cnet\/wp-json\/wp\/v2\/media?parent=52854"}],"wp:term":[{"taxonomy":"category","embeddable":true,"href":"https:\/\/catolicanet.net\/wp-cnet\/wp-json\/wp\/v2\/categories?post=52854"},{"taxonomy":"post_tag","embeddable":true,"href":"https:\/\/catolicanet.net\/wp-cnet\/wp-json\/wp\/v2\/tags?post=52854"}],"curies":[{"name":"wp","href":"https:\/\/api.w.org\/{rel}","templated":true}]}}