{"id":52843,"date":"2019-08-27T09:19:24","date_gmt":"2019-08-27T12:19:24","guid":{"rendered":"http:\/\/catolicanet.net\/wp-cnet\/?p=52843"},"modified":"2019-08-27T09:19:24","modified_gmt":"2019-08-27T12:19:24","slug":"amazonia-jesuitas-ao-lado-dos-indigenas-em-vista-do-sinodo","status":"publish","type":"post","link":"https:\/\/catolicanet.net\/wp-cnet\/amazonia-jesuitas-ao-lado-dos-indigenas-em-vista-do-sinodo\/","title":{"rendered":"Amaz\u00f4nia: jesu\u00edtas ao lado dos ind\u00edgenas em vista do S\u00ednodo"},"content":{"rendered":"<div class=\"article__subTitle\">Entrevista com o padre Renato Colizzi, presidente do Magis, Movimento de A\u00e7\u00e3o dos Jesu\u00edtas para o Desenvolvimento. Sensibilizar as comunidades locais a partir dos jovens<\/div>\n<div class=\"title__separator\"><\/div>\n<div class=\"article__text\">\n<p><b>Cidade do Vaticano<\/b><\/p>\n<p>Os jesu\u00edtas entram em a\u00e7\u00e3o em favor dos povos da Amaz\u00f4nia. E fazem isso lan\u00e7ando, na Am\u00e9rica Latina, v\u00e1rias campanhas de sensibiliza\u00e7\u00e3o com o \u00e1rduo objetivo de envolver o mundo inteiro em vista do S\u00ednodo dos Bispos para a regi\u00e3o pan-amaz\u00f4nica que ser\u00e1 realizado no Vaticano de 6 a 27 de outubro deste ano.<\/p>\n<div>\n<div class=\"article__embed article__embed--unwrap article__embed--dark\">\n<div class=\"article__innerTitle\">Ou\u00e7a e compartilhe!<\/div>\n<!--[if lt IE 9]><script>document.createElement('audio');<\/script><![endif]-->\n<audio class=\"wp-audio-shortcode\" id=\"audio-52843-1\" preload=\"none\" style=\"width: 100%;\" controls=\"controls\"><source type=\"audio\/mpeg\" src=\"https:\/\/media.vaticannews.va\/media\/audio\/s1\/2019\/08\/27\/11\/135189496_F135189496.mp3?_=1\" \/><a href=\"https:\/\/media.vaticannews.va\/media\/audio\/s1\/2019\/08\/27\/11\/135189496_F135189496.mp3\">https:\/\/media.vaticannews.va\/media\/audio\/s1\/2019\/08\/27\/11\/135189496_F135189496.mp3<\/a><\/audio>\n<\/div>\n<\/div>\n<p>\u201cO principal objetivo \u00e9 o de estimular as novas gera\u00e7\u00f5es, s\u00f3 assim ser\u00e1 poss\u00edvel salvar a Amaz\u00f4nia\u201d afirma padre Renato Colizzi, presidente do Magis, o Movimento de A\u00e7\u00e3o dos Jesu\u00edtas para o Desenvolvimento.<\/p>\n<p>Quais foram as a\u00e7\u00f5es que os jesu\u00edtas colocaram em pr\u00e1tica?<\/p>\n<p><b>Padre Renato:<\/b><i> Na Bol\u00edvia, no Brasil e no Peru, na\u00e7\u00f5es nas quais est\u00e1 a maior parte da floresta, existem escolas comunit\u00e1rias administradas pelos jesu\u00edtas onde est\u00e1 sendo colocado em pr\u00e1tica um programa intercultural espec\u00edfico: fazer os habitantes destas regi\u00f5es compreenderem a import\u00e2ncia do patrim\u00f4nio que t\u00eam a disposi\u00e7\u00e3o. Muitas vezes eles n\u00e3o t\u00eam consci\u00eancia da riqueza da sua regi\u00e3o e dos desastres que causam sua destrui\u00e7\u00e3o, como os inc\u00eandios destes dias. Uma segunda opera\u00e7\u00e3o \u00e9 a de ajudar as popula\u00e7\u00f5es ind\u00edgenas a tutelar as pr\u00f3prias tradi\u00e7\u00f5es, come\u00e7ando pela defesa da l\u00edngua local: o ideal seria publicar manuais e livros na sua l\u00edngua, para que n\u00e3o seja perdida para sempre. Terceiro ponto, a ecologia. Deve ser explicado aos jovens que todo estilo de vida impacta de modo negativo ou positivo sobre todo o ecossistema. Eles devem conhecer a periculosidade de lobby como a pecu\u00e1ria, a produ\u00e7\u00e3o madeireira, extra\u00e7\u00e3o miner\u00e1ria. Enfim, os jesu\u00edtas est\u00e3o tentando introduzir um modelo pedag\u00f3gico diverso.<\/i><\/p>\n<p>Um grande esfor\u00e7o para preparar do melhor modo poss\u00edvel o pr\u00f3ximo S\u00ednodo de outubro\u2026<\/p>\n<p><b>Padre Renato:<\/b> <i>\u00c9 o pr\u00f3prio Papa Francisco que deseja que este S\u00ednodo seja um momento de escuta das popula\u00e7\u00f5es locais. E os jesu\u00edtas latino-americanos, respeitando este esp\u00edrito, est\u00e3o organizando reuni\u00f5es nas quais as comunidades possam falar, possam se exprimir. S\u00e3o comunidades que vivem isoladas, em territ\u00f3rios que s\u00e3o administrados pelo Governo, falam outras l\u00ednguas, com culturas diferentes. Portanto, ir ao seu encontro e coloc\u00e1-los em uma din\u00e2mica sinodal eficiente representa um esfor\u00e7o pastoral imponente, mas necess\u00e1rio. Papa Francisco espera ver uma Igreja com o rosto amaz\u00f4nico. Mas o que significa este rosto? \u00c9 importante que seja determinado pelas pr\u00f3prias comunidades locais. A comunidade ind\u00edgena tutela o territ\u00f3rio e o territ\u00f3rio hospeda uma comunidade. Este equil\u00edbrio entre comunidade e territ\u00f3rio \u00e9 algo que em outras partes do mundo n\u00e3o \u00e9 mais considerado. Desapareceu. Temos que aprender com eles<\/i>.<\/p>\n<p>Na pr\u00f3xima quarta-feira (28\/08) ir\u00e3o se reunir em Bel\u00e9m bispos e l\u00edderes da Amaz\u00f4nia para estudar melhor o documento de trabalho do S\u00ednodo, <i>Instrumentum laboris<\/i>. Uma reuni\u00e3o considerada fundamental\u2026<\/p>\n<p><b>Padre Renato:<i> <\/i><\/b><i>\u00c9 uma reuni\u00e3o que envia uma mensagem clara aos ind\u00edgenas: voc\u00eas n\u00e3o est\u00e3o s\u00f3s! Faz com que eles compreendam que existem autoridades solid\u00e1rias com eles. E isso ajuda muito. Saber que existe uma Igreja que \u201cp\u00f5e a m\u00e3o na massa\u201d para enfrentar estes problemas d\u00e1 coragem e acalenta o cora\u00e7\u00e3o.<\/i><\/p>\n<p>&nbsp;<\/p>\n<\/div>\n","protected":false},"excerpt":{"rendered":"<p>Entrevista com o padre Renato Colizzi, presidente do Magis, Movimento de A\u00e7\u00e3o dos Jesu\u00edtas para o Desenvolvimento. Sensibilizar as comunidades locais a partir dos jovens Cidade do Vaticano Os jesu\u00edtas entram em a\u00e7\u00e3o em favor dos povos da Amaz\u00f4nia. E fazem isso lan\u00e7ando, na Am\u00e9rica Latina, v\u00e1rias campanhas de sensibiliza\u00e7\u00e3o com o \u00e1rduo objetivo de [&hellip;]<\/p>\n","protected":false},"author":1,"featured_media":52844,"comment_status":"open","ping_status":"closed","sticky":false,"template":"","format":"standard","meta":{"footnotes":""},"categories":[3],"tags":[],"class_list":["post-52843","post","type-post","status-publish","format-standard","has-post-thumbnail","hentry","category-vaticano"],"_links":{"self":[{"href":"https:\/\/catolicanet.net\/wp-cnet\/wp-json\/wp\/v2\/posts\/52843","targetHints":{"allow":["GET"]}}],"collection":[{"href":"https:\/\/catolicanet.net\/wp-cnet\/wp-json\/wp\/v2\/posts"}],"about":[{"href":"https:\/\/catolicanet.net\/wp-cnet\/wp-json\/wp\/v2\/types\/post"}],"author":[{"embeddable":true,"href":"https:\/\/catolicanet.net\/wp-cnet\/wp-json\/wp\/v2\/users\/1"}],"replies":[{"embeddable":true,"href":"https:\/\/catolicanet.net\/wp-cnet\/wp-json\/wp\/v2\/comments?post=52843"}],"version-history":[{"count":1,"href":"https:\/\/catolicanet.net\/wp-cnet\/wp-json\/wp\/v2\/posts\/52843\/revisions"}],"predecessor-version":[{"id":52845,"href":"https:\/\/catolicanet.net\/wp-cnet\/wp-json\/wp\/v2\/posts\/52843\/revisions\/52845"}],"wp:featuredmedia":[{"embeddable":true,"href":"https:\/\/catolicanet.net\/wp-cnet\/wp-json\/wp\/v2\/media\/52844"}],"wp:attachment":[{"href":"https:\/\/catolicanet.net\/wp-cnet\/wp-json\/wp\/v2\/media?parent=52843"}],"wp:term":[{"taxonomy":"category","embeddable":true,"href":"https:\/\/catolicanet.net\/wp-cnet\/wp-json\/wp\/v2\/categories?post=52843"},{"taxonomy":"post_tag","embeddable":true,"href":"https:\/\/catolicanet.net\/wp-cnet\/wp-json\/wp\/v2\/tags?post=52843"}],"curies":[{"name":"wp","href":"https:\/\/api.w.org\/{rel}","templated":true}]}}