{"id":52810,"date":"2019-08-26T11:43:11","date_gmt":"2019-08-26T14:43:11","guid":{"rendered":"http:\/\/catolicanet.net\/wp-cnet\/?p=52810"},"modified":"2019-08-26T11:43:11","modified_gmt":"2019-08-26T14:43:11","slug":"bispos-do-mexico-pedem-justica-apos-assassinato-de-sacerdote","status":"publish","type":"post","link":"https:\/\/catolicanet.net\/wp-cnet\/bispos-do-mexico-pedem-justica-apos-assassinato-de-sacerdote\/","title":{"rendered":"Bispos do M\u00e9xico pedem justi\u00e7a ap\u00f3s assassinato de sacerdote"},"content":{"rendered":"<p>A Confer\u00eancia do Episcopado Mexicano (CEM) expressou seus p\u00easames pelo assassinato de Pe. Jos\u00e9 Mart\u00edn Guzm\u00e1n Veja, em Matamoros, na fronteira norte do pa\u00eds; tamb\u00e9m expressou seu desejo de que as autoridades fa\u00e7am justi\u00e7a.<\/p>\n<p>Em um comunicado publicado no dia 23 de agosto, a CEM afirmou que, &#8220;em profunda comunh\u00e3o&#8221; com o Bispo de Matamoros, Dom Eugenio Lira Rugarc\u00eda, &#8220;acompanha-o nestes momentos de dor pelo sens\u00edvel falecimento do presb\u00edtero Jos\u00e9 Mart\u00edn Guzm\u00e1n Vega, que perdeu a vida v\u00edtima da viol\u00eancia vivida em nosso pa\u00eds\u201d.<\/p>\n<p>Pe. Guzm\u00e1n Vega foi esfaqueado na noite de 22 de agosto em sua par\u00f3quia, Cristo Rey de La Paz, em Matamoros, uma cidade que faz fronteira com Brownsville, nos Estados Unidos.<\/p>\n<p>O sacerdote foi levado para um hospital, mas morreu devido a v\u00e1rios ferimentos.<\/p>\n<p>&#8220;Expressamos nossa solidariedade e abra\u00e7os na f\u00e9 seus familiares, amigos e fi\u00e9is leigos da querida Diocese de Matamoros&#8221;, manifestaram os bispos.<\/p>\n<p>&#8220;Por nossa f\u00e9 sabemos que a morte n\u00e3o \u00e9 o fim e que o amor destr\u00f3i a morte, porque a esperan\u00e7a \u00e9 a vit\u00f3ria diante do desespero&#8221;.<\/p>\n<p>Os bispos mexicanos expressaram sua confian\u00e7a &#8220;em que as autoridades competentes far\u00e3o as investiga\u00e7\u00f5es correspondentes para esclarecer os fatos e fazer justi\u00e7a&#8221;.<\/p>\n<p>\u201cA partir de nossa f\u00e9 na ressurrei\u00e7\u00e3o, confiamos com esperan\u00e7a que o Bom Pastor, Jesus Cristo, o levou a descansar nos campos e prados verdes da eternidade junto a Ele\u201d, assinalaram.<\/p>\n<p>O Centro Cat\u00f3lico Multimedial (CCM), que faz um registro das agress\u00f5es e assassinatos contra sacerdotes no M\u00e9xico, assinalou que esse crime \u00e9 o &#8220;primeiro deste ano&#8221;, mas &#8220;se soma \u00e0 longa lista de religiosos assassinados nos \u00faltimos anos\u201d.<\/p>\n<p>\u201cCom a morte de Padre Jos\u00e9 Mart\u00edn, s\u00e3o 27 sacerdotes assassinados de 2012 a 2019. No entanto, neste ano j\u00e1 foram registrados v\u00e1rios incidentes contra sacerdotes e religiosos, como o caso de um sacerdote baleado em Cuernavaca Morelos e amea\u00e7as de morte a v\u00e1rios sacerdotes em diversas \u00e1reas de Veracruz\u201d, disse.<\/p>\n","protected":false},"excerpt":{"rendered":"<p>A Confer\u00eancia do Episcopado Mexicano (CEM) expressou seus p\u00easames pelo assassinato de Pe. Jos\u00e9 Mart\u00edn Guzm\u00e1n Veja, em Matamoros, na fronteira norte do pa\u00eds; tamb\u00e9m expressou seu desejo de que as autoridades fa\u00e7am justi\u00e7a. Em um comunicado publicado no dia 23 de agosto, a CEM afirmou que, &#8220;em profunda comunh\u00e3o&#8221; com o Bispo de Matamoros, [&hellip;]<\/p>\n","protected":false},"author":1,"featured_media":52811,"comment_status":"open","ping_status":"closed","sticky":false,"template":"","format":"standard","meta":{"footnotes":""},"categories":[4],"tags":[],"class_list":["post-52810","post","type-post","status-publish","format-standard","has-post-thumbnail","hentry","category-cotidiano"],"_links":{"self":[{"href":"https:\/\/catolicanet.net\/wp-cnet\/wp-json\/wp\/v2\/posts\/52810","targetHints":{"allow":["GET"]}}],"collection":[{"href":"https:\/\/catolicanet.net\/wp-cnet\/wp-json\/wp\/v2\/posts"}],"about":[{"href":"https:\/\/catolicanet.net\/wp-cnet\/wp-json\/wp\/v2\/types\/post"}],"author":[{"embeddable":true,"href":"https:\/\/catolicanet.net\/wp-cnet\/wp-json\/wp\/v2\/users\/1"}],"replies":[{"embeddable":true,"href":"https:\/\/catolicanet.net\/wp-cnet\/wp-json\/wp\/v2\/comments?post=52810"}],"version-history":[{"count":1,"href":"https:\/\/catolicanet.net\/wp-cnet\/wp-json\/wp\/v2\/posts\/52810\/revisions"}],"predecessor-version":[{"id":52812,"href":"https:\/\/catolicanet.net\/wp-cnet\/wp-json\/wp\/v2\/posts\/52810\/revisions\/52812"}],"wp:featuredmedia":[{"embeddable":true,"href":"https:\/\/catolicanet.net\/wp-cnet\/wp-json\/wp\/v2\/media\/52811"}],"wp:attachment":[{"href":"https:\/\/catolicanet.net\/wp-cnet\/wp-json\/wp\/v2\/media?parent=52810"}],"wp:term":[{"taxonomy":"category","embeddable":true,"href":"https:\/\/catolicanet.net\/wp-cnet\/wp-json\/wp\/v2\/categories?post=52810"},{"taxonomy":"post_tag","embeddable":true,"href":"https:\/\/catolicanet.net\/wp-cnet\/wp-json\/wp\/v2\/tags?post=52810"}],"curies":[{"name":"wp","href":"https:\/\/api.w.org\/{rel}","templated":true}]}}