{"id":52789,"date":"2019-08-24T09:55:17","date_gmt":"2019-08-24T12:55:17","guid":{"rendered":"http:\/\/catolicanet.net\/wp-cnet\/?p=52789"},"modified":"2019-08-27T13:17:58","modified_gmt":"2019-08-27T16:17:58","slug":"leigos-na-igreja","status":"publish","type":"post","link":"https:\/\/catolicanet.net\/wp-cnet\/leigos-na-igreja\/","title":{"rendered":"Leigos na Igreja"},"content":{"rendered":"<p>No quarto domingo de agosto celebramos o dia de ora\u00e7\u00e3o pela voca\u00e7\u00e3o dos minist\u00e9rios leigos e como coincide com o \u00faltimo domingo do m\u00eas, comemoramos tamb\u00e9m o dia nacional do catequista. \u00c9 a nossa ora\u00e7\u00e3o por todos os leigos que, entre fam\u00edlia e afazeres, dedicam-se aos trabalhos pastorais e tamb\u00e9m mission\u00e1rios. Os leigos atuam como colaboradores dos padres na catequese, na liturgia, nos minist\u00e9rios de m\u00fasica, nas obras de caridade e nas diversas pastorais existentes.<\/p>\n<p>Ser leigo atuante \u00e9 ter\u00a0consci\u00eancia do chamado de Deus a participar ativamente da Igreja e do Reino contribuindo para a caminhada\u00a0e\u00a0o\u00a0crescimento\u00a0das comunidades rumo a P\u00e1tria Celeste. Assumir\u00a0esta voca\u00e7\u00e3o\u00a0\u00e9 doar-se\u00a0pelo Evangelho\u00a0e\u00a0estar junto a Cristo em sua miss\u00e3o de salva\u00e7\u00e3o e reden\u00e7\u00e3o.<\/p>\n<p>Os Leigos s\u00e3o crist\u00e3os que t\u00eam uma miss\u00e3o especial na Igreja e na sociedade. Pelo batismo, receberam essa voca\u00e7\u00e3o que devem viv\u00ea-la intensamente a servi\u00e7o do Reino de Deus. Na Igreja existem as diversas voca\u00e7\u00f5es: a sacerdotal, a diaconal, a religiosa e a leiga. Todas s\u00e3o muito importantes e necess\u00e1rias, pois brotam do Batismo, fonte de todas as voca\u00e7\u00f5es.<\/p>\n<p>Dentro da comunidade eclesial \u201cOs leigos encontram-se na linha mais avan\u00e7ada da vida da Igreja\u201d, enfatizou o Papa Francisco. \u201cDemos gra\u00e7as pelos leigos que arriscam, que n\u00e3o t\u00eam medo e que oferecem raz\u00f5es de esperan\u00e7a aos mais pobres, exclu\u00eddos e marginalizados\u201d, disse. Os leigos est\u00e3o no cora\u00e7\u00e3o do mundo e t\u00eam um papel chave para transformar a sociedade. Por isso os leigos s\u00e3o chamados a colaborar no governo paroquial e diocesano, participando de conselhos pastorais e econ\u00f4micos.<\/p>\n<p>Apesar desses servi\u00e7os que desempenham na comunidade eclesial, a miss\u00e3o mais importante dos leigos \u00e9 no mundo. Eles s\u00e3o chamados a realizar sua miss\u00e3o dentro das realidades nas quais se encontra no dia-a-dia. Esse tema \u00e9 aprofundado no Dia dos Leigos, o Domingo de Cristo Rei, \u00faltimo domingo do ano lit\u00fargico.<\/p>\n<p>Na fam\u00edlia, no trabalho, na escola, no mundo da pol\u00edtica e da cultura, nos movimentos populares e sindicais, nos meios de comunica\u00e7\u00e3o, \u00e9 chamado a testemunhar, pela palavra e pela vida, a mensagem de Jesus Cristo. Nessas realidades, \u00e9 chamado a desempenhar sua miss\u00e3o, necess\u00e1ria e insubstitu\u00edvel.<\/p>\n<p>Por isso o papel do leigo, al\u00e9m da participa\u00e7\u00e3o na comunidade eclesial, sua grande miss\u00e3o \u00e9 ser fermento nesses campos de vida e de atua\u00e7\u00e3o, ser \u201csal da terra e luz do mundo\u201d. Nesses ambientes deve se empenhar para a constru\u00e7\u00e3o efetiva do Reino de Deus, \u201cum reino eterno e universal, reino da verdade e da vida, reino da santidade e da gra\u00e7a, reino da justi\u00e7a, do amor e da paz\u201d, como rezamos no pref\u00e1cio da missa da festa de Cristo Rei.<\/p>\n<p>O Reino de Cristo cresce onde se manifesta a atitude de servi\u00e7o, a doa\u00e7\u00e3o generosa em prol dos irm\u00e3os, onde h\u00e1 o respeito pelos outros, onde se luta pela justi\u00e7a e pela liberta\u00e7\u00e3o. E tudo isso acontece de modo especial atrav\u00e9s da atua\u00e7\u00e3o dos crist\u00e3os leigos.\u00a0 Quando os leigos assumem de fato sua miss\u00e3o espec\u00edfica, podemos sonhar com uma nova ordem social. O Conc\u00edlio Ecum\u00eanico Vaticano II e os ensinamentos magisteriais do Santo Padre o Papa insistem muito na necessidade de os leigos participarem ativamente na constru\u00e7\u00e3o de uma nova sociedade, aperfei\u00e7oando os bens criados e sanando os males. Felizmente, muitos t\u00eam entendido essa miss\u00e3o e se empenhado para bem cumpri-la.<\/p>\n<p>Vemos com muita esperan\u00e7a o crescimento hoje da tomada de consci\u00eancia por parte de muitos leigos que compreendem essa \u00edndole espec\u00edfica de sua miss\u00e3o. Acreditam nela e procuram exerc\u00ea-la de modo digno e eficiente para que se fa\u00e7a cada vez mais concreta a promessa de Jesus: \u201cO Reino de Deus est\u00e1 presente no meio de v\u00f3s.\u201d<\/p>\n<p>Atrav\u00e9s dos leigos, a Igreja se faz presente nos diversos ambientes sociais, impregnando-os da mensagem de Jesus Cristo, semeando os valores evang\u00e9licos da solidariedade e da justi\u00e7a, empenhando-se decisivamente na constru\u00e7\u00e3o da sociedade justa, fraterna e solid\u00e1ria, sinal do Reino de Deus.<\/p>\n<p>Na Confer\u00eancia de Aparecida, os bispos da Am\u00e9rica Latina voltam a insistir sobre a urg\u00eancia da plena participa\u00e7\u00e3o dos Leigos e Leigas na vida e na a\u00e7\u00e3o da Igreja: \u201cO projeto pastoral da Diocese, caminho de pastoral org\u00e2nica, deve ser uma resposta consciente e eficaz para atender as exig\u00eancias do mundo de hoje com indica\u00e7\u00f5es program\u00e1ticas concretas, objetivos e m\u00e9todos de trabalho, de forma\u00e7\u00e3o e valoriza\u00e7\u00e3o dos agentes e da procura dos meios necess\u00e1rios que permitam que o an\u00fancio de Cristo chegue \u00e0s pessoas, modele as comunidades e incida profundamente na sociedade e na cultura mediante o testemunho dos valores evang\u00e9licos. Os leigos devem participar do discernimento, da tomada de decis\u00f5es, do planejamento e da execu\u00e7\u00e3o\u201d (DAp. 371).<\/p>\n<p>Na perspectiva do Documento de Aparecida o papel dos Leigos e Leigas na vida e miss\u00e3o da Igreja \u00e9 reconhecido como fundamental. \u00c9 necess\u00e1rio que levemos a s\u00e9rio estas palavras dos bispos para que aconte\u00e7a tamb\u00e9m neste campo a convers\u00e3o pastoral necess\u00e1ria para sermos uma Igreja verdadeiro Povo de Deus, capaz de falar ao cora\u00e7\u00e3o dos homens de das mulheres de hoje. Que todos os Leigos e Leigas Crist\u00e3os possam reinar com Cristo e como Cristo, descobrindo e realizando plenamente a sua voca\u00e7\u00e3o. Obrigado pelo seu sim generoso e pela sua dedica\u00e7\u00e3o no an\u00fancio do Reino de Deus e no Testemunho do Evangelho. Que o Senhor Ressuscitado continue iluminando o seu caminho de discipulado e de mission\u00e1rios!<\/p>\n","protected":false},"excerpt":{"rendered":"<p>No quarto domingo de agosto celebramos o dia de ora\u00e7\u00e3o pela voca\u00e7\u00e3o dos minist\u00e9rios leigos e como coincide com o \u00faltimo domingo do m\u00eas, comemoramos tamb\u00e9m o dia nacional do catequista. \u00c9 a nossa ora\u00e7\u00e3o por todos os leigos que, entre fam\u00edlia e afazeres, dedicam-se aos trabalhos pastorais e tamb\u00e9m mission\u00e1rios. Os leigos atuam como [&hellip;]<\/p>\n","protected":false},"author":1,"featured_media":32777,"comment_status":"open","ping_status":"closed","sticky":false,"template":"","format":"standard","meta":{"footnotes":""},"categories":[9],"tags":[],"class_list":["post-52789","post","type-post","status-publish","format-standard","has-post-thumbnail","hentry","category-artigos"],"_links":{"self":[{"href":"https:\/\/catolicanet.net\/wp-cnet\/wp-json\/wp\/v2\/posts\/52789","targetHints":{"allow":["GET"]}}],"collection":[{"href":"https:\/\/catolicanet.net\/wp-cnet\/wp-json\/wp\/v2\/posts"}],"about":[{"href":"https:\/\/catolicanet.net\/wp-cnet\/wp-json\/wp\/v2\/types\/post"}],"author":[{"embeddable":true,"href":"https:\/\/catolicanet.net\/wp-cnet\/wp-json\/wp\/v2\/users\/1"}],"replies":[{"embeddable":true,"href":"https:\/\/catolicanet.net\/wp-cnet\/wp-json\/wp\/v2\/comments?post=52789"}],"version-history":[{"count":1,"href":"https:\/\/catolicanet.net\/wp-cnet\/wp-json\/wp\/v2\/posts\/52789\/revisions"}],"predecessor-version":[{"id":52790,"href":"https:\/\/catolicanet.net\/wp-cnet\/wp-json\/wp\/v2\/posts\/52789\/revisions\/52790"}],"wp:featuredmedia":[{"embeddable":true,"href":"https:\/\/catolicanet.net\/wp-cnet\/wp-json\/wp\/v2\/media\/32777"}],"wp:attachment":[{"href":"https:\/\/catolicanet.net\/wp-cnet\/wp-json\/wp\/v2\/media?parent=52789"}],"wp:term":[{"taxonomy":"category","embeddable":true,"href":"https:\/\/catolicanet.net\/wp-cnet\/wp-json\/wp\/v2\/categories?post=52789"},{"taxonomy":"post_tag","embeddable":true,"href":"https:\/\/catolicanet.net\/wp-cnet\/wp-json\/wp\/v2\/tags?post=52789"}],"curies":[{"name":"wp","href":"https:\/\/api.w.org\/{rel}","templated":true}]}}