{"id":52787,"date":"2019-08-24T09:23:50","date_gmt":"2019-08-24T12:23:50","guid":{"rendered":"http:\/\/catolicanet.net\/wp-cnet\/?p=52787"},"modified":"2019-08-26T09:53:49","modified_gmt":"2019-08-26T12:53:49","slug":"dia-dos-catequistas","status":"publish","type":"post","link":"https:\/\/catolicanet.net\/wp-cnet\/dia-dos-catequistas\/","title":{"rendered":"Dia dos catequistas"},"content":{"rendered":"<p>No quarto domingo, celebramos a voca\u00e7\u00e3o dos leigos e leigas e, como coincide com o \u00faltimo domingo do m\u00eas, comemora-se tamb\u00e9m o dia do catequista. A Igreja insiste hoje no protagonismo dos leigos, seja nos \u00e2mbitos da f\u00e9 e da comunidade eclesial, mas preferencialmente na esfera do mundo. O leigo crist\u00e3o tem a miss\u00e3o de ser o fermento de transforma\u00e7\u00e3o profunda das realidades temporais, vivendo na comunh\u00e3o da Igreja.<\/p>\n<p>Os Leigos s\u00e3o crist\u00e3os que t\u00eam uma miss\u00e3o especial na Igreja e na sociedade. Pelo batismo, receberam essa voca\u00e7\u00e3o que devem viv\u00ea-la intensamente a servi\u00e7o do Reino de Deus. Na Igreja existem as diversas voca\u00e7\u00f5es: a sacerdotal, a diaconal, a religiosa e a leiga. Todas s\u00e3o muito importantes e necess\u00e1rias, pois brotam do Batismo, fonte de todas as voca\u00e7\u00f5es.<\/p>\n<p>Dentro da comunidade eclesial, os leigos s\u00e3o chamados a desempenhar diversas tarefas: catequista, Ministro Extraordin\u00e1rio da Comunh\u00e3o Eucar\u00edstica, agente das diferentes pastorais, servi\u00e7o aos pobres e aos doentes. S\u00e3o chamados, tamb\u00e9m, a colaborar no governo paroquial e diocesano, participando de conselhos pastorais e econ\u00f4micos. N\u00e3o como simples colaboradores do bispo e dos padres, mas como membros ativos da comunidade, assumindo minist\u00e9rios e servi\u00e7os para o engrandecimento da Igreja de Cristo.<\/p>\n<p><strong>Catequista<\/strong><strong>\u00a0<\/strong>\u00e9 aquele\/aquela que se coloca a servi\u00e7o da Palavra, que se faz instrumento para que a Palavra ecoe. O Senhor chama voc\u00ea para que, atrav\u00e9s da sua vida, da sua pessoa, da sua comunica\u00e7\u00e3o, a Palavra seja proclamada, Jesus Cristo seja anunciado e testemunhado.<\/p>\n<p>A voca\u00e7\u00e3o do catequista: ser catequista \u00e9 ter consci\u00eancia de ser chamado e enviado para educar e formar na f\u00e9. Sabemos que h\u00e1 diversidade de dons e de minist\u00e9rios, mas o Esp\u00edrito Santo \u00e9 o mesmo. Existem diversos modos de a\u00e7\u00e3o, mas \u00e9 o mesmo Deus que age em todos e realiza tudo em todos. \u00c9 assim que nos diz a B\u00edblia, a Palavra de Deus. Carisma \u00e9 um dom do alto, que torna seu portador apto a desempenhar determinadas atividades e servi\u00e7os em vista da evangeliza\u00e7\u00e3o e da salva\u00e7\u00e3o. Todo catequista tem um carisma e recebe este dom, que assume a forma do servi\u00e7o da catequese na comunidade. \u00c9 uma gra\u00e7a acolhida e reconhecida pela comunidade eclesial, que comporta estabilidade e responsabilidade. Ser catequista \u00e9 uma voca\u00e7\u00e3o e uma miss\u00e3o.<\/p>\n<p>A miss\u00e3o dos catequistas: uma das preocupa\u00e7\u00f5es fundamentais da Igreja hoje \u00e9 a forma\u00e7\u00e3o de seus agentes pastorais. Temos necessidade de muitos e santos evangelizadores. A voca\u00e7\u00e3o \u00e9 essencialmente eclesial e est\u00e1 destinada ao servi\u00e7o e ao bem da comunidade. A Igreja, como assembleia dos vocacionados \u00e0 santidade, tem o compromisso e o dever de preparar adequadamente, seus filhos e filhos para que realizem, com f\u00e9, amor e efic\u00e1cia, o projeto de evangeliza\u00e7\u00e3o.<\/p>\n<p>A pessoa do catequista \u00e9 fundamental para a vida da Igreja. Por meio dela a Igreja vai exercendo de um modo espec\u00edfico a \u201ceduca\u00e7\u00e3o da f\u00e9\u201d. Bela miss\u00e3o, rica de possibilidades e, tamb\u00e9m, de desafios imensos. Ao percorrer um ano de atividades, nas suas mais variadas express\u00f5es e condi\u00e7\u00f5es, segundo as diversas realidades pessoais, culturais, geogr\u00e1ficas e mesmo de experi\u00eancia de f\u00e9, convidamos todas as pessoas que exercem essa bela e \u00e1rdua miss\u00e3o a lan\u00e7arem um olhar sobre o caminho percorrido para avalia\u00e7\u00e3o e um olhar para o futuro, para programa\u00e7\u00e3o.<\/p>\n<p>O documento\u00a0Catequese Renovada, n\u00fameros 144-151, apresenta um roteiro geral sobre a miss\u00e3o de catequista, que podemos assim resumir:<\/p>\n<p>O catequista exerce sua miss\u00e3o em nome de Deus e da comunidade prof\u00e9tica, em comunh\u00e3o com os pastores da Igreja;<\/p>\n<p>O catequista anuncia a Palavra e denuncia tudo o que impede o ser humano de ser ele mesmo e de viver sua voca\u00e7\u00e3o de filho de Deus;<\/p>\n<p>O catequista ajuda a comunidade a interpretar criticamente os acontecimentos, a libertar-se do ego\u00edsmo e do pecado e a celebrar sua f\u00e9 na Ressurrei\u00e7\u00e3o.<\/p>\n<p>Contudo, para cumprir bem sua miss\u00e3o, o catequista deve ser uma pessoa inserida na comunidade eclesial, ter um esp\u00edrito de abertura e humildade para procurar sempre crescer. \u00c9 indispens\u00e1vel que o catequista tenha uma experi\u00eancia pessoal e comunit\u00e1ria da f\u00e9 para que sua miss\u00e3o seja frutuosa. Importante, ainda, \u00e9 a participa\u00e7\u00e3o do catequista em cursos de capacita\u00e7\u00e3o, mas \u00e9 necess\u00e1rio tamb\u00e9m que tenha consci\u00eancia de ser membro de uma equipe que trabalha para o mesmo objetivo e por isso deve cultivar uma vida comum, refletir, organizar, trabalhar e avaliar junto e, ainda, celebrar comunitariamente a f\u00e9 e a miss\u00e3o.<\/p>\n<p>Cumprimento, com grande gratid\u00e3o, a todos os catequistas de nossa Arquidiocese e agrade\u00e7o, de cora\u00e7\u00e3o, seu generoso trabalho de \u201ctransmissores da f\u00e9\u201d aos nosso catequisandos. A todos os catequistas invoco a prote\u00e7\u00e3o e a b\u00ean\u00e7\u00e3o da Sant\u00edssima Trindade para o seu generoso e precioso trabalho pastoral. Deus vos aben\u00e7oe!<\/p>\n","protected":false},"excerpt":{"rendered":"<p>No quarto domingo, celebramos a voca\u00e7\u00e3o dos leigos e leigas e, como coincide com o \u00faltimo domingo do m\u00eas, comemora-se tamb\u00e9m o dia do catequista. A Igreja insiste hoje no protagonismo dos leigos, seja nos \u00e2mbitos da f\u00e9 e da comunidade eclesial, mas preferencialmente na esfera do mundo. O leigo crist\u00e3o tem a miss\u00e3o de [&hellip;]<\/p>\n","protected":false},"author":5,"featured_media":32777,"comment_status":"open","ping_status":"closed","sticky":false,"template":"","format":"standard","meta":{"footnotes":""},"categories":[9],"tags":[],"class_list":["post-52787","post","type-post","status-publish","format-standard","has-post-thumbnail","hentry","category-artigos"],"_links":{"self":[{"href":"https:\/\/catolicanet.net\/wp-cnet\/wp-json\/wp\/v2\/posts\/52787","targetHints":{"allow":["GET"]}}],"collection":[{"href":"https:\/\/catolicanet.net\/wp-cnet\/wp-json\/wp\/v2\/posts"}],"about":[{"href":"https:\/\/catolicanet.net\/wp-cnet\/wp-json\/wp\/v2\/types\/post"}],"author":[{"embeddable":true,"href":"https:\/\/catolicanet.net\/wp-cnet\/wp-json\/wp\/v2\/users\/5"}],"replies":[{"embeddable":true,"href":"https:\/\/catolicanet.net\/wp-cnet\/wp-json\/wp\/v2\/comments?post=52787"}],"version-history":[{"count":1,"href":"https:\/\/catolicanet.net\/wp-cnet\/wp-json\/wp\/v2\/posts\/52787\/revisions"}],"predecessor-version":[{"id":52788,"href":"https:\/\/catolicanet.net\/wp-cnet\/wp-json\/wp\/v2\/posts\/52787\/revisions\/52788"}],"wp:featuredmedia":[{"embeddable":true,"href":"https:\/\/catolicanet.net\/wp-cnet\/wp-json\/wp\/v2\/media\/32777"}],"wp:attachment":[{"href":"https:\/\/catolicanet.net\/wp-cnet\/wp-json\/wp\/v2\/media?parent=52787"}],"wp:term":[{"taxonomy":"category","embeddable":true,"href":"https:\/\/catolicanet.net\/wp-cnet\/wp-json\/wp\/v2\/categories?post=52787"},{"taxonomy":"post_tag","embeddable":true,"href":"https:\/\/catolicanet.net\/wp-cnet\/wp-json\/wp\/v2\/tags?post=52787"}],"curies":[{"name":"wp","href":"https:\/\/api.w.org\/{rel}","templated":true}]}}