{"id":52770,"date":"2019-08-23T13:58:00","date_gmt":"2019-08-23T16:58:00","guid":{"rendered":"http:\/\/catolicanet.net\/wp-cnet\/?p=52770"},"modified":"2019-08-23T13:58:00","modified_gmt":"2019-08-23T16:58:00","slug":"papa-francisco-todos-temos-a-mesma-dignidade-vamos-acabar-com-a-escravidao","status":"publish","type":"post","link":"https:\/\/catolicanet.net\/wp-cnet\/papa-francisco-todos-temos-a-mesma-dignidade-vamos-acabar-com-a-escravidao\/","title":{"rendered":"Papa Francisco: Todos temos a mesma dignidade. Vamos acabar com a escravid\u00e3o!"},"content":{"rendered":"<div class=\"article__subTitle\">Com uma mensagem no Twitter, o Papa Francisco recorda nesta sexta-feira (23\/08) a celebra\u00e7\u00e3o do Dia Internacional para Relembrar o Tr\u00e1fico de Escravos e a sua Aboli\u00e7\u00e3o.<\/div>\n<div class=\"title__separator\"><\/div>\n<div class=\"article__text\">\n<p><b>Bianca Fraccalvieri com R\u00e1dio ONU<\/b><\/p>\n<p>Todos n\u00f3s fomos criados \u00e0 imagem e semelhan\u00e7a de Deus e temos a mesma dignidade. Vamos acabar com a escravid\u00e3o! #IDRSTA<\/p>\n<p>Com uma mensagem no Twitter, o Papa Francisco recorda nesta sexta-feira (23\/08) a celebra\u00e7\u00e3o do Dia Internacional para Relembrar o Tr\u00e1fico de Escravos e a sua Aboli\u00e7\u00e3o.<\/p>\n<h2>Ningu\u00e9m pode lavar as m\u00e3os<\/h2>\n<p>\u201cA escravid\u00e3o n\u00e3o \u00e9 algo de outros tempos\u201d, j\u00e1 repetiu Francisco em in\u00fameras ocasi\u00f5es.<\/p>\n<p>\u201c\u00c9 uma pr\u00e1tica que tem ra\u00edzes profundas e que se manifesta ainda hoje e de muitas formas diferentes: tr\u00e1fico de seres humanos, explora\u00e7\u00e3o do trabalho atrav\u00e9s de d\u00edvidas, explora\u00e7\u00e3o de menores, explora\u00e7\u00e3o sexual e de trabalhos dom\u00e9sticos for\u00e7ados s\u00e3o algumas destas numerosas formas. Todas graves e desumanas.&#8221;<\/p>\n<p>&#8220;N\u00e3o obstante a falta de informa\u00e7\u00e3o dispon\u00edvel sobre algumas regi\u00f5es do mundo, os n\u00fameros s\u00e3o dramaticamente elevados e, com muita probabilidade, subestimados. Segundo estat\u00edsticas recentes, haveria mais de 40 milh\u00f5es de pessoas, homens, mas sobretudo mulheres e crian\u00e7as, que sofrem por causa da escravid\u00e3o. Perante esta tr\u00e1gica realidade, ningu\u00e9m pode lavar as pr\u00f3prias m\u00e3os, se n\u00e3o quiser ser, de certa forma, c\u00famplice deste crime contra a humanidade.\u201d (Videomensagem aos participantes do 2\u00ba F\u00f3rum Internacional sobre a Escravid\u00e3o Moderna)<\/p>\n<h2>Encontro com as v\u00edtimas<\/h2>\n<p>O Papa Francisco solicitou que a Pontif\u00edcia Academia das Ci\u00eancias Sociais criasse grupos e promovesse encontros de alto n\u00edvel para debater linhas de preven\u00e7\u00e3o, envolvendo agentes de pol\u00edcia, ju\u00edzes, advogados, psic\u00f3logos e agentes de pastoral.]<\/p>\n<p>Al\u00e9m de manifestar sua preocupa\u00e7\u00e3o a quem pode realmente combater esta chaga, o Pont\u00edfice j\u00e1 se encontrou pessoalmente com in\u00fameras v\u00edtimas.<br \/>\n\u201cNa sala em que encontrei as mulheres libertadas do tr\u00e1fico da prostitui\u00e7\u00e3o for\u00e7ada, respirei a dor, a injusti\u00e7a e o efeito da opress\u00e3o. Uma ocasi\u00e3o para reviver as feridas de Cristo. Uma pessoa nunca pode ser colocada \u00e0 venda\u201d, revelou o Papa ao escrever o pref\u00e1cio do livro Mulheres crucificadas. A vergonha do tr\u00e1fico contada da rua\u201d.<\/p>\n<h2>Hist\u00f3ria<\/h2>\n<p>Na noite de 22 para 23 de agosto de 1791, teve in\u00edcio uma revolta em Santo Domingo, hoje Haiti e Rep\u00fablica Dominicana. O evento teve um papel crucial na aboli\u00e7\u00e3o do tr\u00e1fico transatl\u00e2ntico de escravos e por isso que o Dia Internacional \u00e9 comemorado em 23 de agosto de cada ano.<\/p>\n<p>A diretora-geral da Organiza\u00e7\u00e3o das Na\u00e7\u00f5es Unidas para a Educa\u00e7\u00e3o, Ci\u00eancia e Cultura (Unesco), Audrey Azoulay, disse que nesta data \u201cse honra a mem\u00f3ria dos homens e mulheres que se revoltaram e abriram caminho para o fim da escravid\u00e3o e da desumaniza\u00e7\u00e3o.\u201d Segundo ela, o dia serve para \u201chonramos a mem\u00f3ria deles e de todas as outras v\u00edtimas da escravid\u00e3o.\u201d<br \/>\nA representante afirma que \u201cpara extrair li\u00e7\u00f5es desta hist\u00f3ria, \u00e9 preciso despir o sistema, desconstruir os mecanismos ret\u00f3ricos e pseudocient\u00edficos utilizados para justific\u00e1-lo e recusar aceitar qualquer concess\u00e3o ou apologia que constitua um compromisso.\u201d Para Azoulay, essa \u201clucidez \u00e9 o requisito fundamental para a reconcilia\u00e7\u00e3o da mem\u00f3ria.\u201d<\/p>\n<h2>Comemora\u00e7\u00e3o<\/h2>\n<p>Segundo a Unesco, o ano de 2019 \u00e9 particularmente importante para este dia comemorativo. Para a ag\u00eancia \u201c\u00e9 hora de fazer um balan\u00e7o e adotar novas perspectivas.\u201d<\/p>\n<p>Este ano \u00e9 o ponto m\u00e9dio da D\u00e9cada Internacional dos Afrodescendentes, que acontece entre 2015 e 2024, e tamb\u00e9m marca o 25\u00ba anivers\u00e1rio do projeto da Rota dos Escravos da Unesco.<br \/>\nAl\u00e9m disso, 2019 \u00e9 o ano em que o Gana celebra o Ano do Retorno e os la\u00e7os hist\u00f3ricos do pa\u00eds com a di\u00e1spora africana. O reconhecimento marca o 400\u00ba anivers\u00e1rio da chegada dos primeiros escravos africanos \u00e0 col\u00f4nia inglesa de Jamestown, hoje territ\u00f3rio dos Estados Unidos.<\/p>\n<p>Audrey Azoulay afirma que \u201ctodas essas comemora\u00e7\u00f5es encorajam a continuar lutando para colocar um fim definitivo \u00e0 explora\u00e7\u00e3o humana e garantir que a mem\u00f3ria das v\u00edtimas e dos combatentes da liberdade continue sendo uma fonte de inspira\u00e7\u00e3o para gera\u00e7\u00f5es futuras.\u201d<\/p>\n<\/div>\n","protected":false},"excerpt":{"rendered":"<p>Com uma mensagem no Twitter, o Papa Francisco recorda nesta sexta-feira (23\/08) a celebra\u00e7\u00e3o do Dia Internacional para Relembrar o Tr\u00e1fico de Escravos e a sua Aboli\u00e7\u00e3o. Bianca Fraccalvieri com R\u00e1dio ONU Todos n\u00f3s fomos criados \u00e0 imagem e semelhan\u00e7a de Deus e temos a mesma dignidade. Vamos acabar com a escravid\u00e3o! #IDRSTA Com uma [&hellip;]<\/p>\n","protected":false},"author":1,"featured_media":52771,"comment_status":"open","ping_status":"closed","sticky":false,"template":"","format":"standard","meta":{"footnotes":""},"categories":[3],"tags":[],"class_list":["post-52770","post","type-post","status-publish","format-standard","has-post-thumbnail","hentry","category-vaticano"],"_links":{"self":[{"href":"https:\/\/catolicanet.net\/wp-cnet\/wp-json\/wp\/v2\/posts\/52770","targetHints":{"allow":["GET"]}}],"collection":[{"href":"https:\/\/catolicanet.net\/wp-cnet\/wp-json\/wp\/v2\/posts"}],"about":[{"href":"https:\/\/catolicanet.net\/wp-cnet\/wp-json\/wp\/v2\/types\/post"}],"author":[{"embeddable":true,"href":"https:\/\/catolicanet.net\/wp-cnet\/wp-json\/wp\/v2\/users\/1"}],"replies":[{"embeddable":true,"href":"https:\/\/catolicanet.net\/wp-cnet\/wp-json\/wp\/v2\/comments?post=52770"}],"version-history":[{"count":1,"href":"https:\/\/catolicanet.net\/wp-cnet\/wp-json\/wp\/v2\/posts\/52770\/revisions"}],"predecessor-version":[{"id":52772,"href":"https:\/\/catolicanet.net\/wp-cnet\/wp-json\/wp\/v2\/posts\/52770\/revisions\/52772"}],"wp:featuredmedia":[{"embeddable":true,"href":"https:\/\/catolicanet.net\/wp-cnet\/wp-json\/wp\/v2\/media\/52771"}],"wp:attachment":[{"href":"https:\/\/catolicanet.net\/wp-cnet\/wp-json\/wp\/v2\/media?parent=52770"}],"wp:term":[{"taxonomy":"category","embeddable":true,"href":"https:\/\/catolicanet.net\/wp-cnet\/wp-json\/wp\/v2\/categories?post=52770"},{"taxonomy":"post_tag","embeddable":true,"href":"https:\/\/catolicanet.net\/wp-cnet\/wp-json\/wp\/v2\/tags?post=52770"}],"curies":[{"name":"wp","href":"https:\/\/api.w.org\/{rel}","templated":true}]}}