{"id":5277,"date":"2014-10-31T13:05:27","date_gmt":"2014-10-31T15:05:27","guid":{"rendered":"http:\/\/catolicanet.net\/wp-cnet\/devo-fazer-uma-reverencia-toda-vez-que-passo-na-frente-do-altar\/"},"modified":"2017-04-06T16:12:19","modified_gmt":"2017-04-06T19:12:19","slug":"devo-fazer-uma-reverencia-toda-vez-que-passo-na-frente-do-altar","status":"publish","type":"post","link":"https:\/\/catolicanet.net\/wp-cnet\/devo-fazer-uma-reverencia-toda-vez-que-passo-na-frente-do-altar\/","title":{"rendered":"Devo fazer uma rever\u00eancia toda vez que passo na frente do altar?"},"content":{"rendered":"<p style=\"text-align: justify;\"><img decoding=\"async\" src=\"http:\/\/catolicanet.com.br\/images\/stories\/geral\/reverencia.jpg\" border=\"0\" align=\"left\" \/>Entenda melhor os gestos lit\u00fargicos e seus significados<\/p>\n<p>Ap\u00f3s uma fase na qual alguns ministros participaram das celebra\u00e7\u00f5es quase mostrando um entediante &#8220;rigor mortis&#8221;, hoje em dia, em certas celebra\u00e7\u00f5es sacras, especialmente solenes, os ministros (em geral, ac\u00f3litos bem preparados por padres com muito zelo), em seu caminhar pelo presbit\u00e9rio, gastam um excesso de exerc\u00edcios cervicais e abdominais que poderia chegar at\u00e9 a afetar sua sa\u00fade.<\/p>\n<p>\u00c9 louv\u00e1vel o sentido de rever\u00eancia que cresceu em nossos santu\u00e1rios, particularmente nos padres jovens e nos seminaristas.<\/p>\n<p>Lembro de ter visto um sacerdote celebrar a missa com os bra\u00e7os cruzados sobre o peito, sem mov\u00ea-los, a n\u00e3o ser para pegar o p\u00e3o e o c\u00e1lice. Um portento de expressividade!<\/p>\n<p>Em outra ocasi\u00e3o, ouvi cr\u00edticas a um comportamento similar durante um curso. Ou seja, progredimos para o bem, sem d\u00favida.<\/p>\n<p>No entanto, cuidado com o famoso p\u00eandulo que nos leva de um extremo a outro. O equil\u00edbrio \u00e9 o ideal \u2013 e deve ser o real \u2013, e tal equil\u00edbrio nos \u00e9 dado precisamente pelos livros lit\u00fargicos.<\/p>\n<p>Os n\u00fameros 274 e 275 da &#8220;Institutio&#8221; do missal nos falam das genuflex\u00f5es e inclina\u00e7\u00f5es. Leiam, leiam!<\/p>\n<p>Digamos, finalmente, que os ministros atuais fariam bem em distinguir entre um deslocamento pelos presbit\u00e9rio por raz\u00f5es de funcionalidade e um deslocamento ritual.<\/p>\n<p>Ou seja, se vamos passar na frente do altar (a quem corresponde inclina\u00e7\u00e3o profunda sempre, e n\u00e3o s\u00f3 inclina\u00e7\u00e3o de cabe\u00e7a) para dar um aviso a algu\u00e9m, acender uma luz, conectar o microfone etc., podemos andar sem cerim\u00f4nia, pelo caminho mais breve, e pronto.<\/p>\n<p>Por\u00e9m, se a passagem pelo altar est\u00e1 dentro de um ato ritual, indo proclamar o Evangelho, levando as oferendas, em caminho para proclamar a Palavra de Deus etc., ent\u00e3o devemos fazer o gesto de rever\u00eancia prescrito ao altar.<\/p>\n<p>Inclinar-se a cada passo n\u00e3o \u00e9 o correto em uma celebra\u00e7\u00e3o lit\u00fargica; agindo assim, desvaloriza-se o gesto e se cansa a assembleia. O sentido lit\u00fargico \u00e9 potenciado quando acrescentamos o bom senso \u00e0s celebra\u00e7\u00f5es. N\u00e3o nos esque\u00e7amos disso!<\/p>\n<p>Fonte: Aleteia<\/p>\n","protected":false},"excerpt":{"rendered":"<p>Entenda melhor os gestos lit\u00fargicos e seus significados Ap\u00f3s uma fase na qual alguns ministros participaram das celebra\u00e7\u00f5es quase mostrando um entediante &#8220;rigor mortis&#8221;, hoje em dia, em certas celebra\u00e7\u00f5es sacras, especialmente solenes, os ministros (em geral, ac\u00f3litos bem preparados por padres com muito zelo), em seu caminhar pelo presbit\u00e9rio, gastam um excesso de exerc\u00edcios [&hellip;]<\/p>\n","protected":false},"author":1,"featured_media":0,"comment_status":"closed","ping_status":"closed","sticky":false,"template":"","format":"standard","meta":{"footnotes":""},"categories":[4],"tags":[],"class_list":["post-5277","post","type-post","status-publish","format-standard","hentry","category-cotidiano"],"_links":{"self":[{"href":"https:\/\/catolicanet.net\/wp-cnet\/wp-json\/wp\/v2\/posts\/5277","targetHints":{"allow":["GET"]}}],"collection":[{"href":"https:\/\/catolicanet.net\/wp-cnet\/wp-json\/wp\/v2\/posts"}],"about":[{"href":"https:\/\/catolicanet.net\/wp-cnet\/wp-json\/wp\/v2\/types\/post"}],"author":[{"embeddable":true,"href":"https:\/\/catolicanet.net\/wp-cnet\/wp-json\/wp\/v2\/users\/1"}],"replies":[{"embeddable":true,"href":"https:\/\/catolicanet.net\/wp-cnet\/wp-json\/wp\/v2\/comments?post=5277"}],"version-history":[{"count":1,"href":"https:\/\/catolicanet.net\/wp-cnet\/wp-json\/wp\/v2\/posts\/5277\/revisions"}],"predecessor-version":[{"id":10143,"href":"https:\/\/catolicanet.net\/wp-cnet\/wp-json\/wp\/v2\/posts\/5277\/revisions\/10143"}],"wp:attachment":[{"href":"https:\/\/catolicanet.net\/wp-cnet\/wp-json\/wp\/v2\/media?parent=5277"}],"wp:term":[{"taxonomy":"category","embeddable":true,"href":"https:\/\/catolicanet.net\/wp-cnet\/wp-json\/wp\/v2\/categories?post=5277"},{"taxonomy":"post_tag","embeddable":true,"href":"https:\/\/catolicanet.net\/wp-cnet\/wp-json\/wp\/v2\/tags?post=5277"}],"curies":[{"name":"wp","href":"https:\/\/api.w.org\/{rel}","templated":true}]}}