{"id":52710,"date":"2019-08-22T15:01:46","date_gmt":"2019-08-22T18:01:46","guid":{"rendered":"http:\/\/catolicanet.net\/wp-cnet\/?p=52710"},"modified":"2019-08-22T15:01:46","modified_gmt":"2019-08-22T18:01:46","slug":"seminario-de-bens-culturais-da-igreja-promovido-pelo-ensino-salesiano-sera-realizado-em-sao-paulo","status":"publish","type":"post","link":"https:\/\/catolicanet.net\/wp-cnet\/seminario-de-bens-culturais-da-igreja-promovido-pelo-ensino-salesiano-sera-realizado-em-sao-paulo\/","title":{"rendered":"Semin\u00e1rio de Bens Culturais da Igreja promovido pelo ensino Salesiano ser\u00e1 realizado em S\u00e3o Paulo"},"content":{"rendered":"<p><strong>\u00a0<\/strong><em>O evento ser\u00e1 realizado no Museu da Obra Salesiano no Brasil com o apoio do Centro Universit\u00e1rio Salesiano de S\u00e3o Paulo e Mosteiro de S\u00e3o Bento de S\u00e3o Paulo<\/em><\/p>\n<p>O Semin\u00e1rio de Bens Culturais da Igreja, destinado a todos aqueles comprometidos com a preserva\u00e7\u00e3o de bens culturais da Igreja, acontece neste s\u00e1bado, 24 de agosto, das 9h \u00e0s 16h no Teatro Grande Otelo \u2013 Col\u00e9gio Liceu Cora\u00e7\u00e3o de Jesus. Ele dar\u00e1 continuidade \u00e0s comemora\u00e7\u00f5es do \u201cAcordo entre Brasil e Santa F\u00e9 sobre o Estatuto Jur\u00eddico da Igreja Cat\u00f3lica no Brasil\u201d, um dos mais importantes marcos nas rela\u00e7\u00f5es entre Igreja e Estado do Brasil que completou no ano de 2018 10 anos da sua assinatura e foi assinado na Cidade do Vaticano em 13 de novembro de 2008. Al\u00e9m de simpatizantes, professores, estudantes, padres, especialistas e empres\u00e1rios dedicados \u00e0 preserva\u00e7\u00e3o, conserva\u00e7\u00e3o e restaura\u00e7\u00e3o dos bens culturais estar\u00e3o presentes. Para ver a programa\u00e7\u00e3o completa e se inscrever, \u00e9 necess\u00e1rio apenas preencher o formul\u00e1rio eletr\u00f4nico no site do UNISAL <a href=\"https:\/\/unisal.br\/eventos\">https:\/\/unisal.br\/eventos<\/a>. A taxa de inscri\u00e7\u00e3o \u00e9 de R$ 30,00.<\/p>\n<p><strong>Sobre o Salesiano Liceu Cora\u00e7\u00e3o de Jesus<\/strong> \u2013 O Col\u00e9gio Salesiano Liceu Cora\u00e7\u00e3o de Jesus foi fundado em 5 de junho de 1885 ap\u00f3s a abertura da capela do Sagrado Cora\u00e7\u00e3o de Jesus, possui uma estrutura hist\u00f3rica e desde ent\u00e3o, tem como objetivo formar cidad\u00e3os para o mundo em um clima de corresponsabilidade e m\u00fatua colabora\u00e7\u00e3o. Da Educa\u00e7\u00e3o Infantil ao Ensino M\u00e9dio, oferece forma\u00e7\u00e3o com valores que compreendem o trin\u00f4mio raz\u00e3o, religi\u00e3o e carinho. O sistema pedag\u00f3gico conta com um alto n\u00edvel de comprometimento dos educadores, estes t\u00eam o processo cont\u00ednuo de forma\u00e7\u00e3o, onde todos eles t\u00eam a forma\u00e7\u00e3o do curso de Neuroci\u00eancia.<\/p>\n<p><strong>Servi\u00e7o:<\/strong><\/p>\n<p>Semin\u00e1rio de Bens Culturais da Igreja<\/p>\n<p>Col\u00e9gio Liceu Cora\u00e7\u00e3o de Jesus &#8211; Teatro Grande Otelo<\/p>\n<p>24 de agosto \u2013 das 9h \u00c0s 16h<\/p>\n<p>Alameda Dino Bueno 353, nos Campos El\u00edseos<\/p>\n<p><strong>Inscri\u00e7\u00f5es pelo site <\/strong><a href=\"https:\/\/unisal.br\/eventos\">https:\/\/unisal.br\/eventos<\/a>.<\/p>\n<p>Taxa de inscri\u00e7\u00e3o: R$ 30,00.<strong>\u00a0<\/strong><\/p>\n<p><strong>Imprensa<\/strong><\/p>\n<p>Pub Comunica (11) 3031-0746<\/p>\n<p>Val\u00e9ria Masson (11) 95651-7474<br \/>\n<a href=\"mailto:valeria.masson@pubcomunica.com.br\">valeria.masson@pubcomunica.com.br<\/a><\/p>\n<p>Mariana Forlevize (15) 99725-0616<\/p>\n<p><a href=\"mailto:mariana.forlevize@pubcomunica.com.br\">mariana.forlevize@pubcomunica.com.br<\/a><\/p>\n<p>&nbsp;<\/p>\n<p>&nbsp;<\/p>\n","protected":false},"excerpt":{"rendered":"<p>\u00a0O evento ser\u00e1 realizado no Museu da Obra Salesiano no Brasil com o apoio do Centro Universit\u00e1rio Salesiano de S\u00e3o Paulo e Mosteiro de S\u00e3o Bento de S\u00e3o Paulo O Semin\u00e1rio de Bens Culturais da Igreja, destinado a todos aqueles comprometidos com a preserva\u00e7\u00e3o de bens culturais da Igreja, acontece neste s\u00e1bado, 24 de agosto, [&hellip;]<\/p>\n","protected":false},"author":1,"featured_media":52711,"comment_status":"open","ping_status":"closed","sticky":false,"template":"","format":"standard","meta":{"footnotes":""},"categories":[4],"tags":[],"class_list":["post-52710","post","type-post","status-publish","format-standard","has-post-thumbnail","hentry","category-cotidiano"],"_links":{"self":[{"href":"https:\/\/catolicanet.net\/wp-cnet\/wp-json\/wp\/v2\/posts\/52710","targetHints":{"allow":["GET"]}}],"collection":[{"href":"https:\/\/catolicanet.net\/wp-cnet\/wp-json\/wp\/v2\/posts"}],"about":[{"href":"https:\/\/catolicanet.net\/wp-cnet\/wp-json\/wp\/v2\/types\/post"}],"author":[{"embeddable":true,"href":"https:\/\/catolicanet.net\/wp-cnet\/wp-json\/wp\/v2\/users\/1"}],"replies":[{"embeddable":true,"href":"https:\/\/catolicanet.net\/wp-cnet\/wp-json\/wp\/v2\/comments?post=52710"}],"version-history":[{"count":1,"href":"https:\/\/catolicanet.net\/wp-cnet\/wp-json\/wp\/v2\/posts\/52710\/revisions"}],"predecessor-version":[{"id":52712,"href":"https:\/\/catolicanet.net\/wp-cnet\/wp-json\/wp\/v2\/posts\/52710\/revisions\/52712"}],"wp:featuredmedia":[{"embeddable":true,"href":"https:\/\/catolicanet.net\/wp-cnet\/wp-json\/wp\/v2\/media\/52711"}],"wp:attachment":[{"href":"https:\/\/catolicanet.net\/wp-cnet\/wp-json\/wp\/v2\/media?parent=52710"}],"wp:term":[{"taxonomy":"category","embeddable":true,"href":"https:\/\/catolicanet.net\/wp-cnet\/wp-json\/wp\/v2\/categories?post=52710"},{"taxonomy":"post_tag","embeddable":true,"href":"https:\/\/catolicanet.net\/wp-cnet\/wp-json\/wp\/v2\/tags?post=52710"}],"curies":[{"name":"wp","href":"https:\/\/api.w.org\/{rel}","templated":true}]}}