{"id":5271,"date":"2014-10-31T11:21:40","date_gmt":"2014-10-31T13:21:40","guid":{"rendered":"http:\/\/catolicanet.net\/wp-cnet\/papa-o-amor-abre-as-portas-da-esperanca-nao-o-rigor-da-lei\/"},"modified":"2017-04-06T16:09:55","modified_gmt":"2017-04-06T19:09:55","slug":"papa-o-amor-abre-as-portas-da-esperanca-nao-o-rigor-da-lei","status":"publish","type":"post","link":"https:\/\/catolicanet.net\/wp-cnet\/papa-o-amor-abre-as-portas-da-esperanca-nao-o-rigor-da-lei\/","title":{"rendered":"Papa: o amor abre as portas da esperan\u00e7a, n\u00e3o o rigor da lei"},"content":{"rendered":"<p style=\"text-align: justify;\"><img decoding=\"async\" src=\"http:\/\/catolicanet.com.br\/images\/stories\/geral\/papaamor.jpg\" border=\"0\" align=\"right\" \/>Crist\u00e3os que ficam t\u00e3o presos \u00e0 lei que se esquecem da justi\u00e7a: este foi o tema da homilia que o Papa Francisco pronunciou durante a Missa celebrada esta manh\u00e3 na Casa Santa Marta.<\/p>\n<p>No Evangelho do dia, Jesus pergunta aos fariseus se \u00e9 l\u00edcito ou n\u00e3o curar aos s\u00e1bados, mas eles n\u00e3o respondem. Ele, ent\u00e3o, toma um doente pela m\u00e3o e o cura. Diante da verdade, afirmou o Papa, os fariseus se calam, \u201cmas tramavam contra Ele por tr\u00e1s\u201d. Jesus repreende essas pessoas que \u201ceram t\u00e3o presas \u00e0 lei a ponto de esquecerem a justi\u00e7a\u201d, negando at\u00e9 mesmo a ajuda aos pais idosos com a desculpa de terem dado tudo em doa\u00e7\u00e3o ao Templo. Mas o que \u00e9 mais importante? \u2013 perguntou o Papa &#8211; o quarto Mandamento ou o Templo?\u201c:<\/p>\n<p>\u201cEste caminho de viver presos \u00e0 lei os afastava do amor e da justi\u00e7a. Preocupavam-se com a lei e ignoravam a justi\u00e7a e o amor. E para essas pessoas, Jesus s\u00f3 tinha uma \u00fanica palavra: hip\u00f3critas. De um lado, v\u00e3o em busca de proselitistas. E depois? Fecham a porta. Homens de fechamento, t\u00e3o presos ao rigor da lei, mas n\u00e3o \u00e0 lei, que \u00e9 amor; e sempre fechavam as portas da esperan\u00e7a, do amor, da salva\u00e7\u00e3o&#8230; Homens que somente sabiam fechar\u201d.<\/p>\n<p>\u201cO caminho para ser fi\u00e9is \u00e0 lei, sem ignorar a justi\u00e7a e o amor\u201d \u2013 prosseguiu o Papa citando a Carta de S\u00e3o Paulo aos filipenses \u2013, \u201c\u00e9 o caminho inverso: do amor \u00e0 integridade; do amor ao discernimento; do amor \u00e0 lei\u201d:<\/p>\n<p>\u201cEste \u00e9 o caminho que nos ensina Jesus, totalmente oposto ao dos doutores da lei. E este caminho do amor \u00e0 justi\u00e7a leva a Deus. Ao inv\u00e9s, o outro caminho, de ficar presos somente \u00e0 lei, ao rigor da lei, leva ao fechamento, ao ego\u00edsmo. O caminho que vai do amor ao conhecimento e ao discernimento, \u00e0 plena realiza\u00e7\u00e3o, leva \u00e0 santidade, \u00e0 salva\u00e7\u00e3o, ao encontro com Jesus. Do contr\u00e1rio, este caminho leva ao ego\u00edsmo, \u00e0 soberba de sentir-se justos, \u00e0quela santidade entre aspas das apar\u00eancias, n\u00e3o? Jesus diz a essas pessoas: \u2018Mas voc\u00eas gostam de se mostrar como homens de ora\u00e7\u00e3o, de jejum&#8230; mostrar-se, n\u00e3o? E por isso Jesus diz \u00e0 pessoas: \u2018Fa\u00e7am o que dizem, n\u00e3o o que fazem\u2019\u201d.<\/p>\n<p>Com pequenos gestos, Jesus nos faz compreender o caminho do amor ao pleno conhecimento e ao discernimento. Ele nos pega pela m\u00e3o e nos cura:<\/p>\n<p>\u201cJesus se aproxima: a proximidade \u00e9 justamente a prova de que n\u00f3s caminhos na verdadeira via. Porque \u00e9 a via que Deus escolheu para nos salvar: a proximidade. Aproximou-se de n\u00f3s, fez-se homem. A carne de Deus \u00e9 o sinal; \u00e9 o sinal da verdadeira justi\u00e7a. Deus que se fez homem como um de n\u00f3s, e n\u00f3s que devemos nos fazer como os outros, como os necessitados, como os que precisam da nossa ajuda\u201d.<\/p>\n<p>\u201cA carne de Jesus\u201d \u2013 afirmou o Papa &#8211; \u201c\u00e9 a ponte que nos aproxima de Deus&#8230; n\u00e3o \u00e9 o rigor da lei: n\u00e3o! Na carne de Cristo, a lei se realiza plenamente\u201d e \u201c\u00e9 uma carne que sabe sofrer, que deu sua vida por n\u00f3s\u201d. \u201cQue esses exemplos, esse exemplo de proximidade de Jesus, do amor \u00e0 plenitude da lei \u2013 concluiu o Papa Francisco \u2013, nos ajudem a jamais cair na hipocrisia: jamais. \u00c9 t\u00e3o feio um crist\u00e3o hip\u00f3crita. Que o Senhor nos salve disso!\u201d.<\/p>\n<p>Fonte: R\u00e1dio Vaticano<br \/>Local: Cidade do Vaticano<\/p>\n","protected":false},"excerpt":{"rendered":"<p>Crist\u00e3os que ficam t\u00e3o presos \u00e0 lei que se esquecem da justi\u00e7a: este foi o tema da homilia que o Papa Francisco pronunciou durante a Missa celebrada esta manh\u00e3 na Casa Santa Marta. No Evangelho do dia, Jesus pergunta aos fariseus se \u00e9 l\u00edcito ou n\u00e3o curar aos s\u00e1bados, mas eles n\u00e3o respondem. Ele, ent\u00e3o, [&hellip;]<\/p>\n","protected":false},"author":1,"featured_media":0,"comment_status":"closed","ping_status":"closed","sticky":false,"template":"","format":"standard","meta":{"footnotes":""},"categories":[3],"tags":[],"class_list":["post-5271","post","type-post","status-publish","format-standard","hentry","category-vaticano"],"_links":{"self":[{"href":"https:\/\/catolicanet.net\/wp-cnet\/wp-json\/wp\/v2\/posts\/5271","targetHints":{"allow":["GET"]}}],"collection":[{"href":"https:\/\/catolicanet.net\/wp-cnet\/wp-json\/wp\/v2\/posts"}],"about":[{"href":"https:\/\/catolicanet.net\/wp-cnet\/wp-json\/wp\/v2\/types\/post"}],"author":[{"embeddable":true,"href":"https:\/\/catolicanet.net\/wp-cnet\/wp-json\/wp\/v2\/users\/1"}],"replies":[{"embeddable":true,"href":"https:\/\/catolicanet.net\/wp-cnet\/wp-json\/wp\/v2\/comments?post=5271"}],"version-history":[{"count":1,"href":"https:\/\/catolicanet.net\/wp-cnet\/wp-json\/wp\/v2\/posts\/5271\/revisions"}],"predecessor-version":[{"id":10137,"href":"https:\/\/catolicanet.net\/wp-cnet\/wp-json\/wp\/v2\/posts\/5271\/revisions\/10137"}],"wp:attachment":[{"href":"https:\/\/catolicanet.net\/wp-cnet\/wp-json\/wp\/v2\/media?parent=5271"}],"wp:term":[{"taxonomy":"category","embeddable":true,"href":"https:\/\/catolicanet.net\/wp-cnet\/wp-json\/wp\/v2\/categories?post=5271"},{"taxonomy":"post_tag","embeddable":true,"href":"https:\/\/catolicanet.net\/wp-cnet\/wp-json\/wp\/v2\/tags?post=5271"}],"curies":[{"name":"wp","href":"https:\/\/api.w.org\/{rel}","templated":true}]}}