{"id":52696,"date":"2019-08-22T10:31:38","date_gmt":"2019-08-22T13:31:38","guid":{"rendered":"http:\/\/catolicanet.net\/wp-cnet\/?p=52696"},"modified":"2019-08-22T10:31:38","modified_gmt":"2019-08-22T13:31:38","slug":"jornalistas-catolicos-na-asia-compromisso-em-anunciar-valores-do-evangelho","status":"publish","type":"post","link":"https:\/\/catolicanet.net\/wp-cnet\/jornalistas-catolicos-na-asia-compromisso-em-anunciar-valores-do-evangelho\/","title":{"rendered":"Jornalistas cat\u00f3licos na \u00c1sia: compromisso em anunciar valores do Evangelho"},"content":{"rendered":"<div class=\"article__subTitle\">&#8220;Somos batizados e enviados pelo Senhor. Rejeitamos o sensacionalismo e as falsas not\u00edcias em nossas publica\u00e7\u00f5es e nos comprometemos em respeitar os valores evang\u00e9licos da verdade, honestidade e transpar\u00eancia em nosso servi\u00e7o&#8221;, diz a declara\u00e7\u00e3o da assembleia realizada em Kuala Lumpur.<\/div>\n<div class=\"title__separator\"><\/div>\n<div class=\"article__text\">\n<p>Promover os valores do Evangelho, excluir todo sensacionalismo, combater as not\u00edcias falsas: este \u00e9 o compromisso assumido por jornalistas, redatores e comunicadores cat\u00f3licos da \u00c1sia, reunidos em Kuala Lumpur no encontro organizado pela SIGNIS\/\u00c1sia. A assembleia reuniu 18 jornalistas cat\u00f3licos de 12 pa\u00edses asi\u00e1ticos, como delegados para refletir sobre o tema &#8220;Jornalismo de paz em uma cultura viral&#8221;.<\/p>\n<h2>Compromisso com a verdade<\/h2>\n<p>Na declara\u00e7\u00e3o final da assembleia, enviada \u00e0 Ag\u00eancia Fides, os participantes do encontro assumem o compromisso em anunciar a Boa Nova, \u201cpois somos batizados e enviados pelo Senhor. Rejeitamos o sensacionalismo e as falsas not\u00edcias em nossas publica\u00e7\u00f5es e nos comprometemos em respeitar os valores evang\u00e9licos da verdade, honestidade e transpar\u00eancia em nosso servi\u00e7o&#8221;.<\/p>\n<div>\n<div class=\"article__embed article__embed--unwrap article__embed--dark\">\n<div class=\"article__innerTitle\">Ou\u00e7a e compartilhe!<\/div>\n<!--[if lt IE 9]><script>document.createElement('audio');<\/script><![endif]-->\n<audio class=\"wp-audio-shortcode\" id=\"audio-52696-1\" preload=\"none\" style=\"width: 100%;\" controls=\"controls\"><source type=\"audio\/mpeg\" src=\"https:\/\/media.vaticannews.va\/media\/audio\/s1\/2019\/08\/21\/10\/135181826_F135181826.mp3?_=1\" \/><a href=\"https:\/\/media.vaticannews.va\/media\/audio\/s1\/2019\/08\/21\/10\/135181826_F135181826.mp3\">https:\/\/media.vaticannews.va\/media\/audio\/s1\/2019\/08\/21\/10\/135181826_F135181826.mp3<\/a><\/audio>\n<\/div>\n<\/div>\n<p>A declara\u00e7\u00e3o faz eco ao tema do M\u00eas Mission\u00e1rio Extraordin\u00e1rio &#8220;Batizados e enviados: a Igreja de Cristo em miss\u00e3o no mundo&#8221;, que a Igreja celebra em outubro de 2019.<\/p>\n<p>Os participantes falaram sobre a situa\u00e7\u00e3o sociocultural e s\u00f3cio-pol\u00edtica vivida nos diferentes pa\u00edses de proveni\u00eancia. Esta troca de informa\u00e7\u00f5es abriu caminhos para se falar sobre os desafios enfrentados pelos comunicadores cat\u00f3licos em seu minist\u00e9rio.<\/p>\n<h2>Import\u00e2ncia da presen\u00e7a da Igreja nos cen\u00e1rios sociais e pol\u00edticos dif\u00edceis<\/h2>\n<p>A assembleia levantou algumas preocupa\u00e7\u00f5es comuns que incluem a diminui\u00e7\u00e3o de leitores no contexto das m\u00eddias sociais, a presen\u00e7a de autoridades pol\u00edticas hostis, a crise financeira, a falta das compet\u00eancias necess\u00e1rias, a forma\u00e7\u00e3o para os envolvidos no jornalismo cat\u00f3lico.<\/p>\n<p>Os participantes reiteraram a import\u00e2ncia da presen\u00e7a da Igreja em meio a cen\u00e1rios sociais e pol\u00edticos dif\u00edceis ou adversos no continente asi\u00e1tico.<\/p>\n<h2>Apoio da Signis<\/h2>\n<p>Neste contexto, a SIGNIS\/Asia organizar\u00e1 sess\u00f5es de forma\u00e7\u00e3o para jovens jornalistas e trabalhar\u00e1 para promover a unidade e a paz entre os membros e entre os cidad\u00e3os dos respectivos pa\u00edses, incentivando a colabora\u00e7\u00e3o ecum\u00eanica e inter-religiosa.<\/p>\n<p>A assembleia prop\u00f4s a cria\u00e7\u00e3o de uma &#8220;Associa\u00e7\u00e3o de Imprensa Cat\u00f3lica-\u00c1sia&#8221; sob a \u00e9gide da SIGNIS\/\u00c1sia, em colabora\u00e7\u00e3o com o Departamento de Comunica\u00e7\u00e3o da Federa\u00e7\u00e3o das Confer\u00eancias Episcopais da \u00c1sia (FABC).<\/p>\n<p>A SIGNIS \u00e9 um f\u00f3rum mundial de comunicadores cat\u00f3licos que trabalha com r\u00e1dio, televis\u00e3o, cinema e outras formas de comunica\u00e7\u00e3o midi\u00e1tica.<\/p>\n<p>(Ag\u00eancia Fides)<\/p>\n<\/div>\n","protected":false},"excerpt":{"rendered":"<p>&#8220;Somos batizados e enviados pelo Senhor. Rejeitamos o sensacionalismo e as falsas not\u00edcias em nossas publica\u00e7\u00f5es e nos comprometemos em respeitar os valores evang\u00e9licos da verdade, honestidade e transpar\u00eancia em nosso servi\u00e7o&#8221;, diz a declara\u00e7\u00e3o da assembleia realizada em Kuala Lumpur. Promover os valores do Evangelho, excluir todo sensacionalismo, combater as not\u00edcias falsas: este \u00e9 [&hellip;]<\/p>\n","protected":false},"author":1,"featured_media":52697,"comment_status":"open","ping_status":"closed","sticky":false,"template":"","format":"standard","meta":{"footnotes":""},"categories":[3],"tags":[],"class_list":["post-52696","post","type-post","status-publish","format-standard","has-post-thumbnail","hentry","category-vaticano"],"_links":{"self":[{"href":"https:\/\/catolicanet.net\/wp-cnet\/wp-json\/wp\/v2\/posts\/52696","targetHints":{"allow":["GET"]}}],"collection":[{"href":"https:\/\/catolicanet.net\/wp-cnet\/wp-json\/wp\/v2\/posts"}],"about":[{"href":"https:\/\/catolicanet.net\/wp-cnet\/wp-json\/wp\/v2\/types\/post"}],"author":[{"embeddable":true,"href":"https:\/\/catolicanet.net\/wp-cnet\/wp-json\/wp\/v2\/users\/1"}],"replies":[{"embeddable":true,"href":"https:\/\/catolicanet.net\/wp-cnet\/wp-json\/wp\/v2\/comments?post=52696"}],"version-history":[{"count":1,"href":"https:\/\/catolicanet.net\/wp-cnet\/wp-json\/wp\/v2\/posts\/52696\/revisions"}],"predecessor-version":[{"id":52698,"href":"https:\/\/catolicanet.net\/wp-cnet\/wp-json\/wp\/v2\/posts\/52696\/revisions\/52698"}],"wp:featuredmedia":[{"embeddable":true,"href":"https:\/\/catolicanet.net\/wp-cnet\/wp-json\/wp\/v2\/media\/52697"}],"wp:attachment":[{"href":"https:\/\/catolicanet.net\/wp-cnet\/wp-json\/wp\/v2\/media?parent=52696"}],"wp:term":[{"taxonomy":"category","embeddable":true,"href":"https:\/\/catolicanet.net\/wp-cnet\/wp-json\/wp\/v2\/categories?post=52696"},{"taxonomy":"post_tag","embeddable":true,"href":"https:\/\/catolicanet.net\/wp-cnet\/wp-json\/wp\/v2\/tags?post=52696"}],"curies":[{"name":"wp","href":"https:\/\/api.w.org\/{rel}","templated":true}]}}