{"id":52685,"date":"2019-08-22T09:35:58","date_gmt":"2019-08-22T12:35:58","guid":{"rendered":"http:\/\/catolicanet.net\/wp-cnet\/?p=52685"},"modified":"2019-08-22T09:35:58","modified_gmt":"2019-08-22T12:35:58","slug":"peru-uma-escola-para-combater-a-corrupcao-numa-iniciativa-dos-bispos","status":"publish","type":"post","link":"https:\/\/catolicanet.net\/wp-cnet\/peru-uma-escola-para-combater-a-corrupcao-numa-iniciativa-dos-bispos\/","title":{"rendered":"Peru: uma escola para combater a corrup\u00e7\u00e3o, numa iniciativa dos bispos"},"content":{"rendered":"<div class=\"article__subTitle\">\u00c9 evidente, na iniciativa, o eco da visita feita ao pa\u00eds pelo Papa Francisco. Na ocasi\u00e3o, recordou o presidente da Confer\u00eancia Episcopal Peruana, o Pont\u00edfice afirmara que &#8220;a corrup\u00e7\u00e3o \u00e9 evit\u00e1vel e este esfor\u00e7o requer o compromisso de todos&#8221;.<\/div>\n<div class=\"title__separator\"><\/div>\n<div class=\"article__text\">\n<p><b>Silvonei Jos\u00e9 &#8211; Cidade do Vaticano<\/b><\/p>\n<p>Uma verdadeira escola que ensina a combater a corrup\u00e7\u00e3o: esta \u00e9 a iniciativa, excepcional e sem precedentes, apresentada pela Confer\u00eancia Episcopal Peruana e pelas Universidades Cat\u00f3licas do pa\u00eds. Uma escolha ditada pelo n\u00famero e gravidade, tamb\u00e9m excepcionais, que afetaram o mundo pol\u00edtico peruano nos \u00faltimos anos. &#8220;Um v\u00edrus social que infecta nossas institui\u00e7\u00f5es p\u00fablicas e privadas e tira os recursos que o Estado necessita para enfrentar a luta contra a pobreza&#8221;: assim define a corrup\u00e7\u00e3o o presidente da Confer\u00eancia Episcopal Peruana (CEP), e do Conselho Episcopal Latino-Americano (CELAM), Dom Miguel Cabrejos, Arcebispo de Trujillo.<\/p>\n<h2>Esc\u00e2ndalos e incertezas pol\u00edticas<\/h2>\n<p>Esc\u00e2ndalo de alto n\u00edvel, foi sobretudo o chamado esc\u00e2ndalo Odebrecht (recebeu o nome da multinacional brasileira de constru\u00e7\u00e3o civil) que desencadeou uma impressionante s\u00e9rie de investiga\u00e7\u00f5es que decapitou, tamb\u00e9m com acentos dram\u00e1ticos, a maioria da classe dirigente e todos os chefes de Estado que lideraram o Peru ap\u00f3s Alberto Fujimori (tamb\u00e9m ele preso).<\/p>\n<h2>Casos anteriores<\/h2>\n<p>Em abril passado, o ex-presidente Alan Garc\u00eda (presidente de 1985-1990 e de 2006-2011) cometeu suic\u00eddio quando policiais entraram na sua casa para prend\u00ea-lo. Alguns dias antes, Pedro Paolo Kuczynski (eleito em 2016 e que se demitiu no in\u00edcio de 2018 por causa de esc\u00e2ndalos) tinha acabado na pris\u00e3o. Em outubro passado, Keiko Fujimori, filha de Alberto, rival do ex-presidente na elei\u00e7\u00e3o de 2016, foi presa por lavagem de dinheiro. O antecessor de Kuczynski, Hollanta Humala, foi preso em 2017 e Alejandro Toledo (presidente de 2001 a 2006), ap\u00f3s v\u00e1rios meses de fuga, foi preso nos EUA em meados de julho.<\/p>\n<h2>O clima pol\u00edtico no pa\u00eds<\/h2>\n<p>A proposta do presidente da Rep\u00fablica, Mart\u00edn Vizcarra (eleito em 2016 como vice-presidente de Kuczynski), feita por ocasi\u00e3o do Dia Nacional, no final de julho, provocou um amplo debate no Peru. O presidente se viu bloquear e substancialmente modificar pela maioria parlamentar, chefiada por Keiko Fujimori, os projetos de reforma anticorrup\u00e7\u00e3o do governo. Da\u00ed a tentativa de sair do impasse, propondo antecipar as elei\u00e7\u00f5es em um ano, atrav\u00e9s da altera\u00e7\u00e3o da Constitui\u00e7\u00e3o, a ser aprovada em referendo.<\/p>\n<h2>Enfrentar o problema a partir da base<\/h2>\n<p>Neste contexto, nasceu a iniciativa da Igreja peruana, que depois de denunciar em v\u00e1rias ocasi\u00f5es o c\u00e2ncer da corrup\u00e7\u00e3o (a \u00faltima vez por ocasi\u00e3o do Dia Nacional da Independ\u00eancia), agora passa \u00e0 a\u00e7\u00e3o, com uma proposta concreta e ampla, um &#8220;Curso sobre a luta contra a corrup\u00e7\u00e3o&#8221;, porque, explica Dom Cabrejos, &#8220;queremos abordar este problema a partir da base, da educa\u00e7\u00e3o de nossos jovens, pois est\u00e1 em suas m\u00e3os a transforma\u00e7\u00e3o moral e c\u00edvica do Peru\u201d.<\/p>\n<h2>\u00c9 necess\u00e1rio o compromisso de todos<\/h2>\n<p>\u00c9 evidente, na iniciativa, o eco da visita feita ao pa\u00eds pelo Papa Francisco. Na ocasi\u00e3o, recordou o presidente da Confer\u00eancia Episcopal Peruana, o Pont\u00edfice afirmara que &#8220;a corrup\u00e7\u00e3o \u00e9 evit\u00e1vel e este esfor\u00e7o requer o compromisso de todos&#8221;. Por isso, continua Dom Cabrejos, &#8220;\u00e9 necess\u00e1rio que nos comprometamos em todas as \u00e1reas da vida social, para que o nosso pa\u00eds deixe de ser um lugar de esc\u00e2ndalo e corrup\u00e7\u00e3o&#8221;. O curso mostra que &#8220;a batalha n\u00e3o acabou e que o Peru livre e honesto \u00e9 mais forte do que qualquer forma de impunidade&#8221;.<\/p>\n<h2>Curso virtual com a contribui\u00e7\u00e3o de 11 universidades<\/h2>\n<p>O curso ser\u00e1 virtual: como explicou o padre Juan Jos\u00e9 Lyndon, reitor da Universidade Cat\u00f3lica de Trujillo e coordenador do curso, o material ser\u00e1 disponibilizado pelas Universidades Cat\u00f3licas, a partir do que j\u00e1 existe nos cursos atuais, e ser\u00e1 gradualmente implementado. O material ser\u00e1 oferecido por cada universidade de acordo com sua pr\u00f3pria pol\u00edtica e plano acad\u00eamico, mas tamb\u00e9m estar\u00e1 dispon\u00edvel para outras universidades, n\u00e3o s\u00f3 peruanas, que possam eventualmente estar interessadas.<\/p>\n<h2>Universidades que promovem o curso<\/h2>\n<p>Estas s\u00e3o as 11 universidades que promovem o curso: Pontif\u00edcia Universidade Cat\u00f3lica do Peru (Pucp), Universidade Cat\u00f3lica Santo Toribio de Mogrovejo (Usat), Universidade Cat\u00f3lica de S\u00e3o Paulo (Ucsp), Universidade Cat\u00f3lica de Trujillo (Uct), Universidade Cat\u00f3lica Los \u00c1ngeles de Chimbote (Uladech), Universidade Antonio Ruiz de Montoya (Uarm), Universidade Cat\u00f3lica Sedes Sapiencie (Ucss), Universidade Privada Tacna (Upt), Universidade La Salle Arequipa (Uls), Universidade Feminina Sagrado Coraz\u00f3n (Unife) e Universidade Cat\u00f3lica Santa Maria (Ucsm). A iniciativa \u00e9 apoiada pela Confer\u00eancia Episcopal Peruana, pela Organiza\u00e7\u00e3o das Universidades Cat\u00f3licas da Am\u00e9rica Latina e do Caribe (Oducal), pelo Instituto de Estudos Sociais Crist\u00e3os e pela Funda\u00e7\u00e3o Konrad Adenauer Stiftung.<\/p>\n<h2>As mat\u00e9rias tratadas<\/h2>\n<p>Estas algumas das mat\u00e9rias que ser\u00e3o tratadas: a hist\u00f3ria da corrup\u00e7\u00e3o no Peru; a corrup\u00e7\u00e3o no mundo; a conex\u00e3o entre corrup\u00e7\u00e3o e direitos humanos; as consequ\u00eancias nas esferas p\u00fablica e individual e na vida econ\u00f4mica, social e cultural; os princ\u00edpios \u00e9ticos da Doutrina Social; o magist\u00e9rio papal e em particular de Jo\u00e3o Paulo II e Francisco; os mecanismos de preven\u00e7\u00e3o e controle; o sistema de san\u00e7\u00f5es; a educa\u00e7\u00e3o c\u00edvica. (Fonte: SIR)<\/p>\n<\/div>\n","protected":false},"excerpt":{"rendered":"<p>\u00c9 evidente, na iniciativa, o eco da visita feita ao pa\u00eds pelo Papa Francisco. Na ocasi\u00e3o, recordou o presidente da Confer\u00eancia Episcopal Peruana, o Pont\u00edfice afirmara que &#8220;a corrup\u00e7\u00e3o \u00e9 evit\u00e1vel e este esfor\u00e7o requer o compromisso de todos&#8221;. Silvonei Jos\u00e9 &#8211; Cidade do Vaticano Uma verdadeira escola que ensina a combater a corrup\u00e7\u00e3o: esta [&hellip;]<\/p>\n","protected":false},"author":1,"featured_media":52686,"comment_status":"open","ping_status":"closed","sticky":false,"template":"","format":"standard","meta":{"footnotes":""},"categories":[3],"tags":[],"class_list":["post-52685","post","type-post","status-publish","format-standard","has-post-thumbnail","hentry","category-vaticano"],"_links":{"self":[{"href":"https:\/\/catolicanet.net\/wp-cnet\/wp-json\/wp\/v2\/posts\/52685","targetHints":{"allow":["GET"]}}],"collection":[{"href":"https:\/\/catolicanet.net\/wp-cnet\/wp-json\/wp\/v2\/posts"}],"about":[{"href":"https:\/\/catolicanet.net\/wp-cnet\/wp-json\/wp\/v2\/types\/post"}],"author":[{"embeddable":true,"href":"https:\/\/catolicanet.net\/wp-cnet\/wp-json\/wp\/v2\/users\/1"}],"replies":[{"embeddable":true,"href":"https:\/\/catolicanet.net\/wp-cnet\/wp-json\/wp\/v2\/comments?post=52685"}],"version-history":[{"count":1,"href":"https:\/\/catolicanet.net\/wp-cnet\/wp-json\/wp\/v2\/posts\/52685\/revisions"}],"predecessor-version":[{"id":52687,"href":"https:\/\/catolicanet.net\/wp-cnet\/wp-json\/wp\/v2\/posts\/52685\/revisions\/52687"}],"wp:featuredmedia":[{"embeddable":true,"href":"https:\/\/catolicanet.net\/wp-cnet\/wp-json\/wp\/v2\/media\/52686"}],"wp:attachment":[{"href":"https:\/\/catolicanet.net\/wp-cnet\/wp-json\/wp\/v2\/media?parent=52685"}],"wp:term":[{"taxonomy":"category","embeddable":true,"href":"https:\/\/catolicanet.net\/wp-cnet\/wp-json\/wp\/v2\/categories?post=52685"},{"taxonomy":"post_tag","embeddable":true,"href":"https:\/\/catolicanet.net\/wp-cnet\/wp-json\/wp\/v2\/tags?post=52685"}],"curies":[{"name":"wp","href":"https:\/\/api.w.org\/{rel}","templated":true}]}}