{"id":52673,"date":"2019-08-22T08:38:42","date_gmt":"2019-08-22T11:38:42","guid":{"rendered":"http:\/\/catolicanet.net\/wp-cnet\/?p=52673"},"modified":"2019-08-22T08:38:42","modified_gmt":"2019-08-22T11:38:42","slug":"bispo-condena-trafico-de-pessoas-o-que-queremos-fazer-com-a-humanidade","status":"publish","type":"post","link":"https:\/\/catolicanet.net\/wp-cnet\/bispo-condena-trafico-de-pessoas-o-que-queremos-fazer-com-a-humanidade\/","title":{"rendered":"Bispo condena tr\u00e1fico de pessoas: O que queremos fazer com a humanidade?"},"content":{"rendered":"<p>O Bispo de Ciudad de Quesada (Costa Rica), Dom Jos\u00e9 Manuel Garita Herrera, condenou o tr\u00e1fico de pessoas e exortou a respeitar a dignidade e a liberdade do ser humano, diante desta pr\u00e1tica que destr\u00f3i a coroa da cria\u00e7\u00e3o de Deus.<\/p>\n<p>\u201cBasta! O que queremos fazer com a humanidade? Por que n\u00f3s destru\u00edmos a coroa da cria\u00e7\u00e3o que \u00e9 o ser humano? H\u00e1 muitos males que nos afligem no mundo\u201d, afirmou.<\/p>\n<p>Atrav\u00e9s de sua recente mensagem semanal &#8220;Fermento&#8221;, o Prelado lembrou que a dignidade e a liberdade s\u00e3o &#8220;dois tra\u00e7os caracter\u00edsticos da pessoa humana, criada pelo Senhor, dois dons que Ele nos deu para cumprir sua vontade e para que, fi\u00e9is a ela, sejamos felizes\u201d.<\/p>\n<p>Al\u00e9m disso, comentou que \u201ca imagem divina est\u00e1 presente em cada homem. Resplandece na comunh\u00e3o das pessoas, \u00e0 semelhan\u00e7a da unidade das Pessoas divinas entre Si\u201d.<\/p>\n<p>&#8220;No entanto, quando outra realidade diferente a defender sua humanidade e liberdade se apodera do homem, comete-se um pecado grave contra Deus e tamb\u00e9m contra nossos irm\u00e3os\u201d, destacou.<\/p>\n<p>Do mesmo modo, explicou que o Catecismo nos revela apenas uma parte do &#8220;mist\u00e9rio que abarca a grandeza do ser humano&#8221;, que foi &#8220;criado \u00e0 imagem e semelhan\u00e7a de Deus&#8221;, onde tamb\u00e9m se assinala que, &#8220;em virtude da sua alma e das for\u00e7as espirituais da intelig\u00eancia e da vontade, o homem \u00e9 dotado de liberdade, sinal privilegiado da imagem divina\u201d.<\/p>\n<p>Desta maneira, Dom Garita recordou que no dia 30 de julho foi celebrado o Dia Mundial contra o Tr\u00e1fico de Pessoas e exortou a tomar consci\u00eancia sobre o valor e respeito \u00e0 dignidade humana, assim como denunciar qualquer atentado contra a mesma.<\/p>\n<p>&#8220;Devemos condenar este tipo de atos e nos tornar mais conscientes dos s\u00e9rios danos que causamos \u00e0 cria\u00e7\u00e3o de Deus, destruindo vilmente as pessoas por meio do tr\u00e1fico&#8221;, afirmou Dom Garita.<\/p>\n<p>Naquela data, o Papa Francisco tamb\u00e9m se pronunciou atrav\u00e9s de sua conta no Twitter. &#8220;Rezemos para que o Senhor liberte as v\u00edtimas do tr\u00e1fico e nos ajude a responder ativamente ao grito de ajuda de tantos irm\u00e3os e irm\u00e3s privados de sua dignidade e liberdade&#8221;, escreveu o Pont\u00edfice, que tamb\u00e9m pediu que o tr\u00e1fico de pessoas seja considerado um crime contra a humanidade.<\/p>\n<p>Assim, indicou que, segundo a ONU, \u201c58% das v\u00edtimas detectadas s\u00e3o exploradas sexualmente: 96%, das quais s\u00e3o mulheres. Por outro lado, 32% s\u00e3o obrigadas ao trabalho for\u00e7ado, sendo 33% homens, 26% mulheres, 24% meninas e 17% meninos. Al\u00e9m disso, h\u00e1 10% para outros fins, como pedir dinheiro nas ruas e ado\u00e7\u00e3o ilegal\u201d.<\/p>\n","protected":false},"excerpt":{"rendered":"<p>O Bispo de Ciudad de Quesada (Costa Rica), Dom Jos\u00e9 Manuel Garita Herrera, condenou o tr\u00e1fico de pessoas e exortou a respeitar a dignidade e a liberdade do ser humano, diante desta pr\u00e1tica que destr\u00f3i a coroa da cria\u00e7\u00e3o de Deus. \u201cBasta! O que queremos fazer com a humanidade? Por que n\u00f3s destru\u00edmos a coroa [&hellip;]<\/p>\n","protected":false},"author":1,"featured_media":52674,"comment_status":"open","ping_status":"closed","sticky":false,"template":"","format":"standard","meta":{"footnotes":""},"categories":[4],"tags":[],"class_list":["post-52673","post","type-post","status-publish","format-standard","has-post-thumbnail","hentry","category-cotidiano"],"_links":{"self":[{"href":"https:\/\/catolicanet.net\/wp-cnet\/wp-json\/wp\/v2\/posts\/52673","targetHints":{"allow":["GET"]}}],"collection":[{"href":"https:\/\/catolicanet.net\/wp-cnet\/wp-json\/wp\/v2\/posts"}],"about":[{"href":"https:\/\/catolicanet.net\/wp-cnet\/wp-json\/wp\/v2\/types\/post"}],"author":[{"embeddable":true,"href":"https:\/\/catolicanet.net\/wp-cnet\/wp-json\/wp\/v2\/users\/1"}],"replies":[{"embeddable":true,"href":"https:\/\/catolicanet.net\/wp-cnet\/wp-json\/wp\/v2\/comments?post=52673"}],"version-history":[{"count":1,"href":"https:\/\/catolicanet.net\/wp-cnet\/wp-json\/wp\/v2\/posts\/52673\/revisions"}],"predecessor-version":[{"id":52675,"href":"https:\/\/catolicanet.net\/wp-cnet\/wp-json\/wp\/v2\/posts\/52673\/revisions\/52675"}],"wp:featuredmedia":[{"embeddable":true,"href":"https:\/\/catolicanet.net\/wp-cnet\/wp-json\/wp\/v2\/media\/52674"}],"wp:attachment":[{"href":"https:\/\/catolicanet.net\/wp-cnet\/wp-json\/wp\/v2\/media?parent=52673"}],"wp:term":[{"taxonomy":"category","embeddable":true,"href":"https:\/\/catolicanet.net\/wp-cnet\/wp-json\/wp\/v2\/categories?post=52673"},{"taxonomy":"post_tag","embeddable":true,"href":"https:\/\/catolicanet.net\/wp-cnet\/wp-json\/wp\/v2\/tags?post=52673"}],"curies":[{"name":"wp","href":"https:\/\/api.w.org\/{rel}","templated":true}]}}