{"id":5267,"date":"2014-10-30T15:37:42","date_gmt":"2014-10-30T17:37:42","guid":{"rendered":"http:\/\/catolicanet.net\/wp-cnet\/o-valor-da-castidade-meu-cast-day\/"},"modified":"2017-04-06T16:08:20","modified_gmt":"2017-04-06T19:08:20","slug":"o-valor-da-castidade-meu-cast-day","status":"publish","type":"post","link":"https:\/\/catolicanet.net\/wp-cnet\/o-valor-da-castidade-meu-cast-day\/","title":{"rendered":"O valor da castidade: meu Cast Day"},"content":{"rendered":"<p style=\"text-align: justify;\"><img decoding=\"async\" src=\"http:\/\/catolicanet.com.br\/images\/stories\/geral\/castidade.jpg\" border=\"0\" align=\"left\" \/>\u201cExiste um anivers\u00e1rio especial para agradecer: a minha escolha, livre e consciente, pela castidade\u201d<\/p>\n<p>Causa esc\u00e2ndalo deixar Jesus entrar em alguns lugares, como no trabalho quando os colegas nos conheceram antes da convers\u00e3o e agora n\u00e3o compreendem a mudan\u00e7a. Sobretudo quando descobrem a Paz que levamos no cora\u00e7\u00e3o e aquele sentido de realiza\u00e7\u00e3o que todos esperamos.<\/p>\n<p>Mil\u00e3o, nono andar de um arranha-c\u00e9u. Volto da hora de almo\u00e7o e vou \u00e0 varanda, Alguns minutos de solid\u00e3o para agradecer a Deus e consagrar a tarde. Mas hoje me serve um pouco mais de tempo, pois tem um anivers\u00e1rio especial pelo qual devo agradecer: a minha escolha, livre e consciente, pela castidade. Da parte de dentro do pr\u00e9dio come\u00e7am as brincadeiras dos amigos: \u201cPula e volta voando! Quanto tempo dura essa ora\u00e7\u00e3o de hoje? Est\u00e1 vendo alguma apari\u00e7\u00e3o?\u201d. <\/p>\n<p>As piadas s\u00e3o desperdi\u00e7adas e eu dou risada com eles. Esta manh\u00e3 me apresentei no escrit\u00f3rio com uma bandeja de doces porque a cada ano gosto de festejar e compartilhar o meu CAST DAY, um dia de gra\u00e7a, onde o amor e a miseric\u00f3rdia de Deus se infundiram na minha alma e vida. Um fato t\u00e3o importante, at\u00e9 mesmo milagroso, que \u00e9 preciso partilhar (com coragem)!<\/p>\n<p>Obviamente durante esta festividade, onde eu infelizmente sou a \u00fanica protagonista, a ironia \u00e9 abundante. Entre a ironia e um peda\u00e7o de doce algu\u00e9m questiona sobre a verdadeira e constante fome de vida. Desta forma surge o sil\u00eancio, os rostos se tornam mais s\u00e9rios, torna-se tang\u00edvel a preocupa\u00e7\u00e3o que cada um traz no cora\u00e7\u00e3o. Apenas alguns sussurros: \u201ce voc\u00ea como faz? Est\u00e1 sempre feliz e satisfeita, n\u00e3o \u00e9 poss\u00edvel entender como faz\u201d.<\/p>\n<p>Dou um sorriso, muitos baixam o olhar desconsolados, e mentalmente rezo por todos para que venha a gra\u00e7a de um profundo encontro com Ele. Entendo plenamente a desorienta\u00e7\u00e3o deles, porque para compreender certas situa\u00e7\u00f5es \u00e9 preciso saber falar duas l\u00ednguas: o PR\u00c9 e o P\u00d3S f\u00e9. Frequentemente na vida buscam experi\u00eancias diversas, ou extremas, com a finalidade de chegar ao desejo profundo do amor que est\u00e1 em n\u00f3s. Escavamos uma fossa dentro da qual podemos sair somente pela gra\u00e7a, porque \u00e9 ineg\u00e1vel que de algumas situa\u00e7\u00f5es \u00e9 humanamente imposs\u00edvel se desvincular. Nada e ningu\u00e9m pode apagar o desejo belo e puro, de amor e plenitude, a n\u00e3o ser Jesus Cristo! Experimentar para crer! E sendo Ele um grande pedagogo, acompanha cada um de n\u00f3s em um percurso com etapas obrigat\u00f3rias:<\/p>\n<p>&#8211; Um tempo de dor que permite nos vermos na total nudez\/fragilidade diante Dele. <\/p>\n<p>&#8211; Um tempo para se purificar e esvaziar-se do pecado, deixando espa\u00e7o somente para Sua miseric\u00f3rdia.<\/p>\n<p>&#8211; Uma reconcilia\u00e7\u00e3o entre a nossa hist\u00f3ria e a Sua vida, fazendo-nos capazes de nos apaixonar. <\/p>\n<p>Esta n\u00e3o \u00e9 uma raz\u00e3o para festejar?<\/p>\n<p style=\"text-align: justify;\">\u00a0<\/p>\n<p style=\"text-align: justify;\">Fonte: Aleteia<\/p>\n","protected":false},"excerpt":{"rendered":"<p>\u201cExiste um anivers\u00e1rio especial para agradecer: a minha escolha, livre e consciente, pela castidade\u201d Causa esc\u00e2ndalo deixar Jesus entrar em alguns lugares, como no trabalho quando os colegas nos conheceram antes da convers\u00e3o e agora n\u00e3o compreendem a mudan\u00e7a. Sobretudo quando descobrem a Paz que levamos no cora\u00e7\u00e3o e aquele sentido de realiza\u00e7\u00e3o que todos [&hellip;]<\/p>\n","protected":false},"author":1,"featured_media":0,"comment_status":"closed","ping_status":"closed","sticky":false,"template":"","format":"standard","meta":{"footnotes":""},"categories":[4],"tags":[],"class_list":["post-5267","post","type-post","status-publish","format-standard","hentry","category-cotidiano"],"_links":{"self":[{"href":"https:\/\/catolicanet.net\/wp-cnet\/wp-json\/wp\/v2\/posts\/5267","targetHints":{"allow":["GET"]}}],"collection":[{"href":"https:\/\/catolicanet.net\/wp-cnet\/wp-json\/wp\/v2\/posts"}],"about":[{"href":"https:\/\/catolicanet.net\/wp-cnet\/wp-json\/wp\/v2\/types\/post"}],"author":[{"embeddable":true,"href":"https:\/\/catolicanet.net\/wp-cnet\/wp-json\/wp\/v2\/users\/1"}],"replies":[{"embeddable":true,"href":"https:\/\/catolicanet.net\/wp-cnet\/wp-json\/wp\/v2\/comments?post=5267"}],"version-history":[{"count":1,"href":"https:\/\/catolicanet.net\/wp-cnet\/wp-json\/wp\/v2\/posts\/5267\/revisions"}],"predecessor-version":[{"id":10133,"href":"https:\/\/catolicanet.net\/wp-cnet\/wp-json\/wp\/v2\/posts\/5267\/revisions\/10133"}],"wp:attachment":[{"href":"https:\/\/catolicanet.net\/wp-cnet\/wp-json\/wp\/v2\/media?parent=5267"}],"wp:term":[{"taxonomy":"category","embeddable":true,"href":"https:\/\/catolicanet.net\/wp-cnet\/wp-json\/wp\/v2\/categories?post=5267"},{"taxonomy":"post_tag","embeddable":true,"href":"https:\/\/catolicanet.net\/wp-cnet\/wp-json\/wp\/v2\/tags?post=5267"}],"curies":[{"name":"wp","href":"https:\/\/api.w.org\/{rel}","templated":true}]}}