{"id":52660,"date":"2019-08-21T15:59:11","date_gmt":"2019-08-21T18:59:11","guid":{"rendered":"http:\/\/catolicanet.net\/wp-cnet\/?p=52660"},"modified":"2019-08-21T15:59:11","modified_gmt":"2019-08-21T18:59:11","slug":"cardeal-odilo-scherer-participa-de-evento-da-cancao-nova-no-ibirapuera","status":"publish","type":"post","link":"https:\/\/catolicanet.net\/wp-cnet\/cardeal-odilo-scherer-participa-de-evento-da-cancao-nova-no-ibirapuera\/","title":{"rendered":"Cardeal Odilo Scherer participa de evento da Can\u00e7\u00e3o Nova no Ibirapuera"},"content":{"rendered":"<p><em>\u00a0\u201cCan\u00e7\u00e3o Nova Abra\u00e7a SP\u201d acontece neste domingo (25\/08), na capital paulista, a partir das 7h30<\/em><\/p>\n<p>O \u201cCan\u00e7\u00e3o Nova Abra\u00e7a S\u00e3o Paulo\u201d recebe neste domingo (25\/08), no Gin\u00e1sio do Ibirapuera, na capital paulista, o Arcebispo Metropolitano de S\u00e3o Paulo, Cardeal Odilo Pedro Scherer, que falar\u00e1 \u00e0s 9h30 com o p\u00fablico. S\u00e3o esperadas oito mil pessoas para o evento, que tem in\u00edcio \u00e0s 7h30. Os ingressos est\u00e3o esgotados.<\/p>\n<p>\u201cA nossa for\u00e7a vem do alto\u201d (Lc 24,49) \u00e9 o tema deste ano. O evento reunir\u00e1 grandes nomes da m\u00fasica cat\u00f3lica como Dunga, Flavinho, Eug\u00eanio Jorge, Salette Ferreira e Ana L\u00facia; padre Marcelo Rossi e os sacerdotes da Can\u00e7\u00e3o Nova: Adriano Zandon\u00e1 e Anderson Mar\u00e7al.<\/p>\n<p>\u201cA Can\u00e7\u00e3o Nova quer abra\u00e7ar com muita alegria a todos da Grande S\u00e3o Paulo. Ser\u00e1 uma oportunidade \u00fanica para aqueles que desejam fazer uma experi\u00eancia de f\u00e9. Essa \u00e9 a miss\u00e3o da Can\u00e7\u00e3o Nova, formar homens novos para o Mundo Novo\u201d, enfatiza o respons\u00e1vel da miss\u00e3o local, Rodrigo Luiz dos Santos.<\/p>\n<p>A Comunidade Can\u00e7\u00e3o Nova est\u00e1 presente em todo o Brasil com 25 Casas de Miss\u00e3o, entre elas na Grande S\u00e3o Paulo, na Am\u00e9rica do Norte e nos continentes europeu, asi\u00e1tico e africano.<\/p>\n<p><strong>Servi\u00e7o<\/strong><\/p>\n<p><strong>Evento: Can\u00e7\u00e3o Nova Abra\u00e7a S\u00e3o Paulo \u2013 Tema: \u201cA nossa for\u00e7a vem do alto\u201d (Lc 24, 49)<\/strong><\/p>\n<p><strong>Data:<\/strong> 25 de agosto de 2019<\/p>\n<p><strong>Hor\u00e1rio:<\/strong> 8h \u00e0s 18h<\/p>\n<p><strong>Local:<\/strong> Gin\u00e1sio do Ibirapuera<\/p>\n<p><strong>Endere\u00e7o:<\/strong> Rua Manuel da N\u00f3brega, 1361 &#8211; Ibirapuera, S\u00e3o Paulo\/SP<\/p>\n<p><strong>Entrada:<\/strong> Ingressos esgotados<\/p>\n<p>&nbsp;<\/p>\n","protected":false},"excerpt":{"rendered":"<p>\u00a0\u201cCan\u00e7\u00e3o Nova Abra\u00e7a SP\u201d acontece neste domingo (25\/08), na capital paulista, a partir das 7h30 O \u201cCan\u00e7\u00e3o Nova Abra\u00e7a S\u00e3o Paulo\u201d recebe neste domingo (25\/08), no Gin\u00e1sio do Ibirapuera, na capital paulista, o Arcebispo Metropolitano de S\u00e3o Paulo, Cardeal Odilo Pedro Scherer, que falar\u00e1 \u00e0s 9h30 com o p\u00fablico. S\u00e3o esperadas oito mil pessoas para [&hellip;]<\/p>\n","protected":false},"author":1,"featured_media":52661,"comment_status":"open","ping_status":"closed","sticky":false,"template":"","format":"standard","meta":{"footnotes":""},"categories":[4],"tags":[],"class_list":["post-52660","post","type-post","status-publish","format-standard","has-post-thumbnail","hentry","category-cotidiano"],"_links":{"self":[{"href":"https:\/\/catolicanet.net\/wp-cnet\/wp-json\/wp\/v2\/posts\/52660","targetHints":{"allow":["GET"]}}],"collection":[{"href":"https:\/\/catolicanet.net\/wp-cnet\/wp-json\/wp\/v2\/posts"}],"about":[{"href":"https:\/\/catolicanet.net\/wp-cnet\/wp-json\/wp\/v2\/types\/post"}],"author":[{"embeddable":true,"href":"https:\/\/catolicanet.net\/wp-cnet\/wp-json\/wp\/v2\/users\/1"}],"replies":[{"embeddable":true,"href":"https:\/\/catolicanet.net\/wp-cnet\/wp-json\/wp\/v2\/comments?post=52660"}],"version-history":[{"count":1,"href":"https:\/\/catolicanet.net\/wp-cnet\/wp-json\/wp\/v2\/posts\/52660\/revisions"}],"predecessor-version":[{"id":52662,"href":"https:\/\/catolicanet.net\/wp-cnet\/wp-json\/wp\/v2\/posts\/52660\/revisions\/52662"}],"wp:featuredmedia":[{"embeddable":true,"href":"https:\/\/catolicanet.net\/wp-cnet\/wp-json\/wp\/v2\/media\/52661"}],"wp:attachment":[{"href":"https:\/\/catolicanet.net\/wp-cnet\/wp-json\/wp\/v2\/media?parent=52660"}],"wp:term":[{"taxonomy":"category","embeddable":true,"href":"https:\/\/catolicanet.net\/wp-cnet\/wp-json\/wp\/v2\/categories?post=52660"},{"taxonomy":"post_tag","embeddable":true,"href":"https:\/\/catolicanet.net\/wp-cnet\/wp-json\/wp\/v2\/tags?post=52660"}],"curies":[{"name":"wp","href":"https:\/\/api.w.org\/{rel}","templated":true}]}}