{"id":5264,"date":"2014-10-28T12:45:13","date_gmt":"2014-10-28T14:45:13","guid":{"rendered":"http:\/\/catolicanet.net\/wp-cnet\/cristo-e-nossa-paz-e-lema-da-campanha-para-evangelizacao-2014\/"},"modified":"2017-04-06T15:58:43","modified_gmt":"2017-04-06T18:58:43","slug":"cristo-e-nossa-paz-e-lema-da-campanha-para-evangelizacao-2014","status":"publish","type":"post","link":"https:\/\/catolicanet.net\/wp-cnet\/cristo-e-nossa-paz-e-lema-da-campanha-para-evangelizacao-2014\/","title":{"rendered":"\u201cCristo \u00e9 nossa paz\u201d \u00e9 lema da Campanha para Evangeliza\u00e7\u00e3o 2014"},"content":{"rendered":"<p style=\"text-align: justify;\"><img decoding=\"async\" src=\"http:\/\/catolicanet.com.br\/images\/stories\/geral\/ce2014.jpg\" border=\"0\" align=\"left\" \/>Os materiais para divulga\u00e7\u00e3o e viv\u00eancia da Campanha para a Evangeliza\u00e7\u00e3o 2014 j\u00e1 est\u00e3o dispon\u00edveis no site da CNBB, para download. \u00c9 poss\u00edvel baixar o cartaz da campanha, ora\u00e7\u00e3o, envelope da coleta, spots para r\u00e1dio e TV, entre outros subs\u00eddios. O ponto alto da Campanha ser\u00e1 a coleta realizada nas missas e celebra\u00e7\u00f5es do domingo, 14 de dezembro. Confira os materiais.<\/p>\n<p>Este ano, a iniciativa completa 16 anos a servi\u00e7o das atividades pastorais da Igreja. A mobiliza\u00e7\u00e3o nacional buscar\u00e1 promover iniciativas que visem superar a viol\u00eancia e edificar a paz, al\u00e9m de articular gestos concretos na sociedade por meio das a\u00e7\u00f5es evangelizadoras da Igreja.<\/p>\n<p>Lema<\/p>\n<p>\u201cCristo \u00e9 nossa paz\u201d \u00e9 o lema da CE 2014, apropriado para o tempo lit\u00fargico do Advento.\u00a0 Neste per\u00edodo de prepara\u00e7\u00e3o ao Natal, entre pessoas, fam\u00edlias e na sociedade em geral, existe um clima de confraterniza\u00e7\u00e3o na busca pela\u00a0 paz.<\/p>\n<p>Criada em 1998 pela Confer\u00eancia Nacional dos Bispos do Brasil (CNBB), a iniciativa busca mobilizar os cat\u00f3licos a assumir a responsabilidade de participar na sustenta\u00e7\u00e3o das atividades pastorais da Igreja. <\/p>\n<p>A Campanha para a Evangeliza\u00e7\u00e3o (CE) tem o slogan \u201cEvangeli.J\u00e1\u201d, que faz refer\u00eancia \u00e0 palavra evangelizar e mostra a urg\u00eancia da evangeliza\u00e7\u00e3o e da coopera\u00e7\u00e3o de todos.<\/p>\n<p>A distribui\u00e7\u00e3o dos recursos \u00e9 feita da seguinte forma: 45% permanecem na pr\u00f3pria diocese; 20% s\u00e3o encaminhados para os regionais da CNBB; e os demais 35% para a CNBB Nacional. As doa\u00e7\u00f5es, em car\u00e1ter individual, tamb\u00e9m podem ser feitas pelo site: www.evangelija.com.<\/p>\n<p style=\"text-align: justify;\">Fonte: CNBB<\/p>\n","protected":false},"excerpt":{"rendered":"<p>Os materiais para divulga\u00e7\u00e3o e viv\u00eancia da Campanha para a Evangeliza\u00e7\u00e3o 2014 j\u00e1 est\u00e3o dispon\u00edveis no site da CNBB, para download. \u00c9 poss\u00edvel baixar o cartaz da campanha, ora\u00e7\u00e3o, envelope da coleta, spots para r\u00e1dio e TV, entre outros subs\u00eddios. O ponto alto da Campanha ser\u00e1 a coleta realizada nas missas e celebra\u00e7\u00f5es do domingo, [&hellip;]<\/p>\n","protected":false},"author":1,"featured_media":0,"comment_status":"closed","ping_status":"closed","sticky":false,"template":"","format":"standard","meta":{"footnotes":""},"categories":[7],"tags":[],"class_list":["post-5264","post","type-post","status-publish","format-standard","hentry","category-cnbb"],"_links":{"self":[{"href":"https:\/\/catolicanet.net\/wp-cnet\/wp-json\/wp\/v2\/posts\/5264","targetHints":{"allow":["GET"]}}],"collection":[{"href":"https:\/\/catolicanet.net\/wp-cnet\/wp-json\/wp\/v2\/posts"}],"about":[{"href":"https:\/\/catolicanet.net\/wp-cnet\/wp-json\/wp\/v2\/types\/post"}],"author":[{"embeddable":true,"href":"https:\/\/catolicanet.net\/wp-cnet\/wp-json\/wp\/v2\/users\/1"}],"replies":[{"embeddable":true,"href":"https:\/\/catolicanet.net\/wp-cnet\/wp-json\/wp\/v2\/comments?post=5264"}],"version-history":[{"count":1,"href":"https:\/\/catolicanet.net\/wp-cnet\/wp-json\/wp\/v2\/posts\/5264\/revisions"}],"predecessor-version":[{"id":10118,"href":"https:\/\/catolicanet.net\/wp-cnet\/wp-json\/wp\/v2\/posts\/5264\/revisions\/10118"}],"wp:attachment":[{"href":"https:\/\/catolicanet.net\/wp-cnet\/wp-json\/wp\/v2\/media?parent=5264"}],"wp:term":[{"taxonomy":"category","embeddable":true,"href":"https:\/\/catolicanet.net\/wp-cnet\/wp-json\/wp\/v2\/categories?post=5264"},{"taxonomy":"post_tag","embeddable":true,"href":"https:\/\/catolicanet.net\/wp-cnet\/wp-json\/wp\/v2\/tags?post=5264"}],"curies":[{"name":"wp","href":"https:\/\/api.w.org\/{rel}","templated":true}]}}